{"id":202,"date":"2013-12-11T09:23:18","date_gmt":"2013-12-11T08:23:18","guid":{"rendered":"http:\/\/sefarad-asturias.org\/wp\/?p=202"},"modified":"2013-12-11T15:06:36","modified_gmt":"2013-12-11T14:06:36","slug":"januca-en-el-museo-judio-de-varsovia","status":"publish","type":"post","link":"https:\/\/sefarad-asturias.org\/wp\/januca-en-el-museo-judio-de-varsovia\/","title":{"rendered":"JANUC\u00c1 EN EL MUSEO JUD\u00cdO DE VARSOVIA"},"content":{"rendered":"<p>El Museo de la Historia de los Jud\u00edos Polacos de Varsovia sigue a la espera de que se inaugure su exposici\u00f3n permanente. Sin embargo, es escenario de concurridas actividades como, por ejemplo, un concierto que coincidi\u00f3 con Januca.<br \/>\nEl concierto, que cont\u00f3 con los cantantes israel\u00edes Duo Re&#8217;im. \u201dDesde que llegu\u00e9 \u201c, dice el Rabino de Jabad, \u201cla misi\u00f3n m\u00e1s importante a la que se enfrenta el juda\u00edsmo en Polonia, es normalizar la vida jud\u00eda. No m\u00e1s sorpresas, no m\u00e1s eventos hist\u00f3ricos, por primera vez despu\u00e9s de la guerra, la vida jud\u00eda en Polonia es natural, es obvia, y est\u00e1 siendo celebrada con alegr\u00eda. As\u00ed que lo que nos gustar\u00eda lograr es que cada jud\u00edo que vive en Polonia salga del armario y comprenda que los malos tiempos terminaron. Hoy, el Gobierno polaco tiene las riendas; con sus propias iniciativas busca crear un lugar c\u00e1lido para los jud\u00edos, todo lo que tenemos que hacer nosotros es ser quienes somos y celebrar nuestras festividades con alegr\u00eda\u201d .<br \/>\nLas cifras oficiales del censo muestran que, hoy, 7000 personas en Polonia se consideran jud\u00edas, aunque las estimaciones indican que la poblaci\u00f3n real de jud\u00edos \u00abno declarados\u00bb es mucho m\u00e1s alta y ronda las 25,000 personas.<br \/>\nEl Museo de la Historia de los Jud\u00edos Polacos es la principal atracci\u00f3n para los visitantes interesados en la historia jud\u00eda de Polonia, y gestiona las funciones de la comunidad jud\u00eda en Varsovia. \u201dTenemos una misi\u00f3n muy importante. Para los polacos, en especial los j\u00f3venes, necesitamos resucitar la historia de los jud\u00edos polacos, que vivieron aqu\u00ed durante 1,000 a\u00f1os, y que crearon la identidad polaca. Muchas personas desconocen este hecho\u201d.<br \/>\nShevah Weiss, ex presidente de la Knesset afirm\u00f3 al respecto: \u00bb Polonia fue el centro de los jud\u00edos y la vida jud\u00eda en Europa durante siete u ocho siglos&#8230; \u00a1Y despu\u00e9s, no puedo encontrar a un jud\u00edo aqu\u00ed en Polonia! Y para m\u00ed esta congregaci\u00f3n aqu\u00ed, de cien o doscientas personas que cantan canciones en yiddish y en hebreo en J\u00e1nuca, es un verdadero milagro &#8211; no la festividad de la J\u00e1nuca, \u00a1el milagro es esta congregaci\u00f3n! \u00bb<br \/>\nEl Duo Re\u2019im obtuvo el primer premio en un festival de m\u00fasica jas\u00eddica hace varios a\u00f1os. \u201cNos juntamos despu\u00e9s de tres a\u00f1os en el ej\u00e9rcito, como cantantes en el Coro Rab\u00ednico, y luego, cuando dejamos el Ej\u00e9rcito, empezamos como cantantes profesionales \u00ab. \u00a1No hay ning\u00fan grupo que se haya durado 45 a\u00f1os juntos, como nosotros. Lo logramos! \u00bb<br \/>\n<a href=\"http:\/\/sefarad-asturias.org\/wp\/wp-content\/uploads\/2013\/12\/Varsovia-Museo.jpg\"><img loading=\"lazy\" decoding=\"async\" class=\"aligncenter size-full wp-image-203\" alt=\"Museo Jud\u00edo de Varsovia\" src=\"http:\/\/sefarad-asturias.org\/wp\/wp-content\/uploads\/2013\/12\/Varsovia-Museo.jpg\" width=\"1000\" height=\"815\" srcset=\"https:\/\/sefarad-asturias.org\/wp\/wp-content\/uploads\/2013\/12\/Varsovia-Museo.jpg 1000w, https:\/\/sefarad-asturias.org\/wp\/wp-content\/uploads\/2013\/12\/Varsovia-Museo-300x244.jpg 300w\" sizes=\"auto, (max-width: 1000px) 100vw, 1000px\" \/><\/a><\/p>\n","protected":false},"excerpt":{"rendered":"<p>El Museo de la Historia de los Jud&iacute;os Polacos de Varsovia sigue a la espera de que se inaugure su exposici&oacute;n permanente. Sin embargo, es escenario de concurridas actividades como, por ejemplo, un concierto que coincidi&oacute; con Januca. El concierto, que cont&oacute; con los cantantes israel&iacute;es Duo Re&rsquo;im. &rdquo;Desde que llegu&eacute; &ldquo;, dice el Rabino [&hellip;]<\/p>\n","protected":false},"author":1,"featured_media":0,"comment_status":"open","ping_status":"open","sticky":false,"template":"","format":"image","meta":{"footnotes":""},"categories":[5,25],"tags":[86,88,27,23],"class_list":["post-202","post","type-post","status-publish","format-image","hentry","category-januca","category-museos","tag-januca","tag-judios","tag-museo","tag-varsovia","post_format-post-format-image"],"_links":{"self":[{"href":"https:\/\/sefarad-asturias.org\/wp\/wp-json\/wp\/v2\/posts\/202","targetHints":{"allow":["GET"]}}],"collection":[{"href":"https:\/\/sefarad-asturias.org\/wp\/wp-json\/wp\/v2\/posts"}],"about":[{"href":"https:\/\/sefarad-asturias.org\/wp\/wp-json\/wp\/v2\/types\/post"}],"author":[{"embeddable":true,"href":"https:\/\/sefarad-asturias.org\/wp\/wp-json\/wp\/v2\/users\/1"}],"replies":[{"embeddable":true,"href":"https:\/\/sefarad-asturias.org\/wp\/wp-json\/wp\/v2\/comments?post=202"}],"version-history":[{"count":2,"href":"https:\/\/sefarad-asturias.org\/wp\/wp-json\/wp\/v2\/posts\/202\/revisions"}],"predecessor-version":[{"id":208,"href":"https:\/\/sefarad-asturias.org\/wp\/wp-json\/wp\/v2\/posts\/202\/revisions\/208"}],"wp:attachment":[{"href":"https:\/\/sefarad-asturias.org\/wp\/wp-json\/wp\/v2\/media?parent=202"}],"wp:term":[{"taxonomy":"category","embeddable":true,"href":"https:\/\/sefarad-asturias.org\/wp\/wp-json\/wp\/v2\/categories?post=202"},{"taxonomy":"post_tag","embeddable":true,"href":"https:\/\/sefarad-asturias.org\/wp\/wp-json\/wp\/v2\/tags?post=202"}],"curies":[{"name":"wp","href":"https:\/\/api.w.org\/{rel}","templated":true}]}}