{"id":953,"date":"2019-10-20T10:49:58","date_gmt":"2019-10-20T10:49:58","guid":{"rendered":"http:\/\/sefarad-asturias.org\/blog\/?p=953"},"modified":"2020-07-31T10:54:24","modified_gmt":"2020-07-31T10:54:24","slug":"no-hay-libertad-sin-etica","status":"publish","type":"post","link":"https:\/\/sefarad-asturias.org\/blog\/no-hay-libertad-sin-etica\/","title":{"rendered":"No hay libertad sin \u00e9tica"},"content":{"rendered":"\n<p>Para vivir bien y en armon\u00eda se deben mejorar los valores \u00e9ticos, que se transmiten por medio de la Tor\u00e1.<\/p>\n<p><a href=\"http:\/\/sefarad-asturias.org\/blog\/wp-content\/uploads\/2020\/07\/Tora\u0301.jpg\"><img loading=\"lazy\" decoding=\"async\" class=\"size-full wp-image-954 aligncenter\" src=\"http:\/\/sefarad-asturias.org\/blog\/wp-content\/uploads\/2020\/07\/Tora\u0301.jpg\" alt=\"\" width=\"250\" height=\"250\" srcset=\"https:\/\/sefarad-asturias.org\/blog\/wp-content\/uploads\/2020\/07\/Tora\u0301.jpg 250w, https:\/\/sefarad-asturias.org\/blog\/wp-content\/uploads\/2020\/07\/Tora\u0301-150x150.jpg 150w\" sizes=\"auto, (max-width: 250px) 100vw, 250px\" \/><\/a><\/p>\n<p>No quieras ser demasiado sabio, ni demasiado perfecto, sino busca ser \u00e9tico y veraz contigo mismo y con tu pr\u00f3jimo. Aprende, puesto que la humildad se cultiva, como el amor, la alegr\u00eda y la esperanza.<\/p>\n<p>Si el Creador dej\u00f3 estos valores en su Ley, no es para que alguien se sienta m\u00e1s v\u00e1lido que su hermano, sino para que la ponga en pr\u00e1ctica con honestidad.<\/p>\n<p>Entonces, juzga menos y ama m\u00e1s&#8230;<\/p>\n<p>Pide menos y reza m\u00e1s&#8230;<\/p>\n<p>Ten fe en el D-s de Israel, y no permitas que tu vanidad y orgullo distorsionen las ense\u00f1anzas de la Tor\u00e1 y de nuestros sabios.<\/p>\n","protected":false},"excerpt":{"rendered":"<p>Para vivir bien y en armon\u00eda se deben mejorar los valores \u00e9ticos, que se transmiten por medio de la Tor\u00e1. No quieras ser demasiado sabio, ni demasiado perfecto, sino busca ser \u00e9tico y veraz contigo mismo y con tu pr\u00f3jimo. Aprende, puesto que la humildad se cultiva, como el amor, la alegr\u00eda y la esperanza. &#8230; <a title=\"No hay libertad sin \u00e9tica\" class=\"read-more\" href=\"https:\/\/sefarad-asturias.org\/blog\/no-hay-libertad-sin-etica\/\" aria-label=\"Leer m\u00e1s sobre No hay libertad sin \u00e9tica\">Leer m\u00e1s<\/a><\/p>\n","protected":false},"author":2,"featured_media":0,"comment_status":"closed","ping_status":"closed","sticky":false,"template":"","format":"standard","meta":{"footnotes":""},"categories":[13],"tags":[],"class_list":["post-953","post","type-post","status-publish","format-standard","hentry","category-filosofia-judia"],"_links":{"self":[{"href":"https:\/\/sefarad-asturias.org\/blog\/wp-json\/wp\/v2\/posts\/953","targetHints":{"allow":["GET"]}}],"collection":[{"href":"https:\/\/sefarad-asturias.org\/blog\/wp-json\/wp\/v2\/posts"}],"about":[{"href":"https:\/\/sefarad-asturias.org\/blog\/wp-json\/wp\/v2\/types\/post"}],"author":[{"embeddable":true,"href":"https:\/\/sefarad-asturias.org\/blog\/wp-json\/wp\/v2\/users\/2"}],"replies":[{"embeddable":true,"href":"https:\/\/sefarad-asturias.org\/blog\/wp-json\/wp\/v2\/comments?post=953"}],"version-history":[{"count":0,"href":"https:\/\/sefarad-asturias.org\/blog\/wp-json\/wp\/v2\/posts\/953\/revisions"}],"wp:attachment":[{"href":"https:\/\/sefarad-asturias.org\/blog\/wp-json\/wp\/v2\/media?parent=953"}],"wp:term":[{"taxonomy":"category","embeddable":true,"href":"https:\/\/sefarad-asturias.org\/blog\/wp-json\/wp\/v2\/categories?post=953"},{"taxonomy":"post_tag","embeddable":true,"href":"https:\/\/sefarad-asturias.org\/blog\/wp-json\/wp\/v2\/tags?post=953"}],"curies":[{"name":"wp","href":"https:\/\/api.w.org\/{rel}","templated":true}]}}