{"id":752,"date":"2016-07-01T10:24:12","date_gmt":"2016-07-01T10:24:12","guid":{"rendered":"http:\/\/sefarad-asturias.org\/blog\/?p=752"},"modified":"2020-07-14T20:31:26","modified_gmt":"2020-07-14T20:31:26","slug":"bein-hametsarim-pidiendo-clemencia","status":"publish","type":"post","link":"https:\/\/sefarad-asturias.org\/blog\/bein-hametsarim-pidiendo-clemencia\/","title":{"rendered":"Bein hametsar\u00edm, pidiendo clemencia&#8230;"},"content":{"rendered":"\n<p>\u00a1Por favor, Todopoderoso, api\u00e1date de nosotros!<\/p>\n<p>Nuevamente estamos en los d\u00edas de ben hametsarim. Otra vez llegan estos d\u00edas y vuelve en nosotros el duro sentir de la di\u00e1spora. La vida cotidiana y corriente toma otro matiz, al recordar que en pocos d\u00edas, de no mediar ning\u00fan cambio, lloraremos por la destrucci\u00f3n del Gran Templo. Se cumple un a\u00f1o m\u00e1s de vida en la di\u00e1spora. Un destierro en el cual vamos dejando nuestros d\u00edas y a\u00f1os m\u00e1s fruct\u00edferos. Una di\u00e1spora dif\u00edcil de sobrellevar por los acontecimientos que d\u00eda tras d\u00eda golpean la realidad jud\u00eda en todo el mundo. Una di\u00e1spora que dio lugar al mayor exterminio de iehudim y no nos referimos al Holocausto, sino a la implacable e incontenible asimilaci\u00f3n. La imposibilidad de contar con una vida plena dentro del juda\u00edsmo. No tener el Bet Hamikdash, Gran Templo, Jerusal\u00e9n y la Tor\u00e1 como epicentro de nuestras vidas, son las causantes de tama\u00f1o mal.<br \/>\nNo menos de dos tercios de los Iehudim del mundo no tienen ni la m\u00e1s m\u00ednima identificaci\u00f3n con el juda\u00edsmo y la Tor\u00e1. La mayor\u00eda del tercio restante poco es lo que sabe y observa de los 613 preceptos de nuestra Tor\u00e1.<br \/>\nDichosa aquella minor\u00eda que asiste por las ma\u00f1anas y por las tardes todos los d\u00edas del a\u00f1o a los\u00a0Bet Hakeneset\u00a0(Templos). Bienaventurados los que dedican al menos alguna hora semanal para conocer lo que dice nuestra Tor\u00e1. M\u00e1s a\u00fan, los que varias horas a la semana buscan saciar su sed en los diferentes cursos de Tor\u00e1 para hombres y mujeres, que se dictan en todo el mundo.<br \/>\nPero precisamente esa minor\u00eda que tan presente tiene el concepto de di\u00e1spora y redenci\u00f3n verdadera, debe preguntarse: \u00bfhasta cu\u00e1ndo? \u00bfAcaso no ha llegado el momento?<\/p>\n<p>Est\u00e1 escrito en un libro sobre los\u00a0iehudim\u00a0de Yemen que en cierto a\u00f1o, en un Shabat como este, en el cual se anuncia el comienzo del mes de Ab, decretaron una reuni\u00f3n en la ciudad de Tzinha.<br \/>\nUn orador tras otro moviliz\u00f3 y despert\u00f3 hasta los sentimientos y fibras m\u00e1s \u00edntimos de los corazones presentes. Al final, el \u00faltimo orador se dirigi\u00f3 a los ni\u00f1os presentes, que se encontraban sentados sobre el piso en el centro del\u00a0Bet Hakeneset\u00a0y les dijo: \u00abNi\u00f1os puros y santos: \u00bfpor qu\u00e9 callan? Clamen y pidan al Todopoderoso\u00bb. De inmediato los maestros y alumnos clamaron al un\u00edsono: \u00ab\u00a1Todopoderoso, por favor, api\u00e1date de nosotros!\u00bb Las paredes se estremecieron del llanto y del clamor de los ni\u00f1os.<br \/>\nIehud\u00ed, si no pod\u00e9s gritar, al menos dig\u00e1moslo: \u00ab\u00a1Por favor, Dios, observa nuestro sufrimiento y env\u00edanos Tu salvaci\u00f3n<\/p>\n","protected":false},"excerpt":{"rendered":"<p>\u00a1Por favor, Todopoderoso, api\u00e1date de nosotros! Nuevamente estamos en los d\u00edas de ben hametsarim. Otra vez llegan estos d\u00edas y vuelve en nosotros el duro sentir de la di\u00e1spora. La vida cotidiana y corriente toma otro matiz, al recordar que en pocos d\u00edas, de no mediar ning\u00fan cambio, lloraremos por la destrucci\u00f3n del Gran Templo. &#8230; <a title=\"Bein hametsar\u00edm, pidiendo clemencia&#8230;\" class=\"read-more\" href=\"https:\/\/sefarad-asturias.org\/blog\/bein-hametsarim-pidiendo-clemencia\/\" aria-label=\"Leer m\u00e1s sobre Bein hametsar\u00edm, pidiendo clemencia&#8230;\">Leer m\u00e1s<\/a><\/p>\n","protected":false},"author":2,"featured_media":0,"comment_status":"closed","ping_status":"closed","sticky":false,"template":"","format":"standard","meta":{"footnotes":""},"categories":[16],"tags":[],"class_list":["post-752","post","type-post","status-publish","format-standard","hentry","category-historia-judia"],"_links":{"self":[{"href":"https:\/\/sefarad-asturias.org\/blog\/wp-json\/wp\/v2\/posts\/752","targetHints":{"allow":["GET"]}}],"collection":[{"href":"https:\/\/sefarad-asturias.org\/blog\/wp-json\/wp\/v2\/posts"}],"about":[{"href":"https:\/\/sefarad-asturias.org\/blog\/wp-json\/wp\/v2\/types\/post"}],"author":[{"embeddable":true,"href":"https:\/\/sefarad-asturias.org\/blog\/wp-json\/wp\/v2\/users\/2"}],"replies":[{"embeddable":true,"href":"https:\/\/sefarad-asturias.org\/blog\/wp-json\/wp\/v2\/comments?post=752"}],"version-history":[{"count":0,"href":"https:\/\/sefarad-asturias.org\/blog\/wp-json\/wp\/v2\/posts\/752\/revisions"}],"wp:attachment":[{"href":"https:\/\/sefarad-asturias.org\/blog\/wp-json\/wp\/v2\/media?parent=752"}],"wp:term":[{"taxonomy":"category","embeddable":true,"href":"https:\/\/sefarad-asturias.org\/blog\/wp-json\/wp\/v2\/categories?post=752"},{"taxonomy":"post_tag","embeddable":true,"href":"https:\/\/sefarad-asturias.org\/blog\/wp-json\/wp\/v2\/tags?post=752"}],"curies":[{"name":"wp","href":"https:\/\/api.w.org\/{rel}","templated":true}]}}