{"id":702,"date":"2016-05-05T18:47:03","date_gmt":"2016-05-05T18:47:03","guid":{"rendered":"http:\/\/sefarad-asturias.org\/blog\/?p=702"},"modified":"2020-08-03T21:38:18","modified_gmt":"2020-08-03T21:38:18","slug":"la-shoa-en-salonica","status":"publish","type":"post","link":"https:\/\/sefarad-asturias.org\/blog\/la-shoa-en-salonica\/","title":{"rendered":"La Sho\u00e1 en Sal\u00f3nica"},"content":{"rendered":"<div><\/div>\n<div>La comunidad jud\u00eda de Sal\u00f3nica fue una de las comunidades sefard\u00edes m\u00e1s importantes del mundo.<\/div>\n<div>En su apogeo, alrededor del a\u00f1o 1550, era la \u00fanica ciudad del mundo con mayor\u00eda jud\u00eda. Su poblaci\u00f3n contaba especialmente con miles de refugiados que hab\u00edan sido expulsado de Espa\u00f1a y Portugal.<\/div>\n<div>Entre sus ilustres jajamim se cuentan Rabbi Shemuel de Medina, Rabbi Moshe Almosnino, Rabbi Yaakob Ibn Habib, etc.<\/div>\n<div>En 1900 hab\u00eda aproximadamente 80.000 jud\u00edos de Sal\u00f3nica, de una poblaci\u00f3n total de 173.000 almas.<\/div>\n<div>Para tener una idea de la dimensi\u00f3n de la comunidad de Sal\u00f3nica, en ese mismo a\u00f1o, por ejemplo, la importante comunidad de Damasco en Siria contaba con un poco m\u00e1s de 10,000 jud\u00edos.<\/div>\n<div>Los jud\u00edos de Sal\u00f3nica se destacaban en todas las profesiones: comerciantes, abogados, m\u00e9dicos, maestros, etc.<\/div>\n<div><a href=\"http:\/\/sefarad-asturias.org\/wp\/wp-content\/uploads\/2016\/05\/Sal\u00f3nica.jpg\" rel=\"attachment wp-att-1371\"><img loading=\"lazy\" decoding=\"async\" class=\"aligncenter wp-image-1371\" src=\"http:\/\/sefarad-asturias.org\/wp\/wp-content\/uploads\/2016\/05\/Sal\u00f3nica.jpg\" sizes=\"auto, (max-width: 637px) 100vw, 637px\" srcset=\"http:\/\/sefarad-asturias.org\/wp\/wp-content\/uploads\/2016\/05\/Sal\u00f3nica.jpg 637w, http:\/\/sefarad-asturias.org\/wp\/wp-content\/uploads\/2016\/05\/Sal\u00f3nica-300x190.jpg 300w\" alt=\"Sho\u00e1 en Sal\u00f3nica\" width=\"349\" height=\"221\" \/><\/a><\/div>\n<div>Los estibadores jud\u00edos del puerto de Sal\u00f3nica eran famosos en el mundo entero.\u00a0Shabbat, el puerto de Sal\u00f3nica, uno de los m\u00e1s importantes de Europa, permanec\u00eda cerrado, ya que los jud\u00edos no trabajaban. Hab\u00edan 49 sinagogas en Sal\u00f3nica y un cementerio sfarad\u00ed de 500 a\u00f1os de edad, con medio mill\u00f3n de tumbas.\u00a0El lenguaje oficial de los jud\u00edos de Sal\u00f3nica era el ladino, espa\u00f1ol antiguo escrito con caracteres hebreos .<\/div>\n<div>Durante los a\u00f1os 1900s muchos jud\u00edos dejaron Sal\u00f3nica y emigraron a los EE.UU., Francia e Israel. A\u00fan as\u00ed, la poblaci\u00f3n jud\u00eda pre-Segunda Guerra Mundial de Sal\u00f3nica contaba con 56.000 almas.\u00a0En 1941 los nazis \u05d9\u05e9\u00bb\u05d5 llegaron a Sal\u00f3nica.<\/div>\n<div>En abril de ese a\u00f1o, Alemania invadi\u00f3 Grecia, el rey Jorge II huy\u00f3 de Atenas, y se instal\u00f3 un r\u00e9gimen pronazi, con el pa\u00eds dividido en tres zonas diferentes.<\/div>\n<div>Atenas y ciertas islas estaban bajo el control de Italia; Macedonia oriental estaba bajo el control de Bulgaria; y los nazis controlaban Sal\u00f3nica.<\/div>\n<div>Pronto, un gueto fue creado para los jud\u00edos de Sal\u00f3nica y se vieron obligados a llevar la estrella amarilla. Espect\u00e1culos p\u00fablicos aterradores de humillaci\u00f3n de jud\u00edos se convirtieron en algo com\u00fan y no pas\u00f3 mucho tiempo antes de que fueran deportados a los campos de concentraci\u00f3n, lo cual comenz\u00f3 en Marzo de 1943. Esto llev\u00f3 al saqueo generalizado de los hogares y negocios jud\u00edos.<\/div>\n<div>Los nazis destruyeron las sinagogas, las escuelas jud\u00edas, las bibliotecas, y profanaron el cementerio jud\u00edo. El 95 por ciento de los jud\u00edos de Sal\u00f3nica, 54.000 jud\u00edos, fueron asesinados en Auschwitz-Birkenau, o murieron durante la larga y agotadora \u00abMarcha de la muerte\u00bb desde enero a mayo de 1945 \u05d4\u05d9\u00bb\u05d3.<\/div>\n<div>POEMA en ladino<\/div>\n<div><strong>\u00abSiete dias enserrados\u00bb\u00a0<\/strong>por David Haim*<\/div>\n<div>Siete dias enserrados<\/div>\n<div>En vagones de beemas [animales]<\/div>\n<div>Una vez a los tres dias<\/div>\n<div>Mos kitavan a airear<\/div>\n<p>Madre mia mi kerida<\/p>\n<p>Ya tuvites el zehut<\/p>\n<div>De murirte en tus tierras<\/div>\n<div>I no pasates por el oluk [horno crematorio]<\/div>\n<div><\/div>\n<div><\/div>\n<div>Padre mio mi kerido<\/div>\n<div>Ken te lo iva dezir<\/div>\n<div>Ke vinyeras kon tu \u2018rmano<\/div>\n<div>Al krematorio de Auschwitz<\/div>\n<div><\/div>\n<div>Padre i madre ermanas i ermanikas<\/div>\n<div>Saliendo todos redjadjis [rezando]<\/div>\n<div>A el Patron del Mundo<\/div>\n<div>Ke embie salud a mi<\/div>\n<div>Ke me kite de estos kampos<\/div>\n<div>Para vos echar [recitar] kadish<\/div>\n<div>*David Haim sobrevivi\u00f3 el Holocausto y emigr\u00f3 a Tel Aviv. Este poema describe el viaje en tren desde Salonica a los campos de concentraci\u00f3n. Fue escrito en Auschwitz. David fue el \u00fanico sobreviviente de toda su familia.<\/div>\n<div>Autor: Rabbi Yosef Bitt\u00f3n<\/div>\n","protected":false},"excerpt":{"rendered":"<p>La comunidad jud\u00eda de Sal\u00f3nica fue una de las comunidades sefard\u00edes m\u00e1s importantes del mundo. En su apogeo, alrededor del a\u00f1o 1550, era la \u00fanica ciudad del mundo con mayor\u00eda jud\u00eda. Su poblaci\u00f3n contaba especialmente con miles de refugiados que hab\u00edan sido expulsado de Espa\u00f1a y Portugal. Entre sus ilustres jajamim se cuentan Rabbi Shemuel &#8230; <a title=\"La Sho\u00e1 en Sal\u00f3nica\" class=\"read-more\" href=\"https:\/\/sefarad-asturias.org\/blog\/la-shoa-en-salonica\/\" aria-label=\"Leer m\u00e1s sobre La Sho\u00e1 en Sal\u00f3nica\">Leer m\u00e1s<\/a><\/p>\n","protected":false},"author":2,"featured_media":0,"comment_status":"closed","ping_status":"closed","sticky":false,"template":"","format":"standard","meta":{"footnotes":""},"categories":[5],"tags":[],"class_list":["post-702","post","type-post","status-publish","format-standard","hentry","category-antisemitismo"],"_links":{"self":[{"href":"https:\/\/sefarad-asturias.org\/blog\/wp-json\/wp\/v2\/posts\/702","targetHints":{"allow":["GET"]}}],"collection":[{"href":"https:\/\/sefarad-asturias.org\/blog\/wp-json\/wp\/v2\/posts"}],"about":[{"href":"https:\/\/sefarad-asturias.org\/blog\/wp-json\/wp\/v2\/types\/post"}],"author":[{"embeddable":true,"href":"https:\/\/sefarad-asturias.org\/blog\/wp-json\/wp\/v2\/users\/2"}],"replies":[{"embeddable":true,"href":"https:\/\/sefarad-asturias.org\/blog\/wp-json\/wp\/v2\/comments?post=702"}],"version-history":[{"count":0,"href":"https:\/\/sefarad-asturias.org\/blog\/wp-json\/wp\/v2\/posts\/702\/revisions"}],"wp:attachment":[{"href":"https:\/\/sefarad-asturias.org\/blog\/wp-json\/wp\/v2\/media?parent=702"}],"wp:term":[{"taxonomy":"category","embeddable":true,"href":"https:\/\/sefarad-asturias.org\/blog\/wp-json\/wp\/v2\/categories?post=702"},{"taxonomy":"post_tag","embeddable":true,"href":"https:\/\/sefarad-asturias.org\/blog\/wp-json\/wp\/v2\/tags?post=702"}],"curies":[{"name":"wp","href":"https:\/\/api.w.org\/{rel}","templated":true}]}}