{"id":593,"date":"2017-01-02T19:13:28","date_gmt":"2017-01-02T19:13:28","guid":{"rendered":"http:\/\/sefarad-asturias.org\/blog\/?p=593"},"modified":"2020-08-03T21:15:00","modified_gmt":"2020-08-03T21:15:00","slug":"las-doce-tribus-de-israel","status":"publish","type":"post","link":"https:\/\/sefarad-asturias.org\/blog\/las-doce-tribus-de-israel\/","title":{"rendered":"Las doce tribus de Israel"},"content":{"rendered":"\n<p>Doce fueron los hijos de Jacob:<\/p>\n<p>Seis de Lea \u2013Rub\u00e9n, Shim\u00f3n, Lev\u00ed y Iehud\u00e1, Isajar y Zevul\u00fan- (G\u00e9nesis 29: 31-35; 30:17-20);<\/p>\n<p>Dos de Rajel \u2013Iosef y Biniam\u00edn- (G\u00e9nesis 30: 22-24; 35:16-18)<\/p>\n<p>Dos de Bil\u00e1, la sirvienta de Rajel \u2013Dan y Naftal\u00ed- (G\u00e9nesis 30:5-8)<\/p>\n<p>Y dos de Zilp\u00e1, la sirvienta de Lea \u2013Gad y Asher- (G\u00e9nesis 30: 10:13).<\/p>\n<p>\u00c9stos son los hijos de Jacob sobre los que est\u00e1 escrito en la Tor\u00e1: \u00abTodas \u00e9stas son las tribus de Israel\u00bb (G\u00e9nesis 49:28).<\/p>\n<p>Y cuando la tribu de Iosef fue dividida en dos, colocando al frente de ellas a sus hijos \u2013Efraim y Menashe-, el n\u00famero de las tribus fue modificado y a veces son citadas como doce y a veces como m\u00e1s, aunque el n\u00famero doce jam\u00e1s pierde su importancia y significado.<\/p>\n<p><a href=\"http:\/\/sefarad-asturias.org\/wp\/wp-content\/uploads\/2017\/01\/Tribus.jpg\"><img loading=\"lazy\" decoding=\"async\" class=\"aligncenter wp-image-1504\" src=\"http:\/\/sefarad-asturias.org\/wp\/wp-content\/uploads\/2017\/01\/Tribus.jpg\" sizes=\"auto, (max-width: 1605px) 100vw, 1605px\" srcset=\"http:\/\/sefarad-asturias.org\/wp\/wp-content\/uploads\/2017\/01\/Tribus.jpg 1605w, http:\/\/sefarad-asturias.org\/wp\/wp-content\/uploads\/2017\/01\/Tribus-300x120.jpg 300w, http:\/\/sefarad-asturias.org\/wp\/wp-content\/uploads\/2017\/01\/Tribus-768x307.jpg 768w, http:\/\/sefarad-asturias.org\/wp\/wp-content\/uploads\/2017\/01\/Tribus-1024x410.jpg 1024w\" alt=\"Vitrales Chagall Doce tribus Israel\" width=\"433\" height=\"173\" \/><\/a><\/p>\n<p>Existen opiniones discrepantes en lo referente al orden del nacimiento de las doce tribus:<\/p>\n<p><strong>Rashi<\/strong>, el ex\u00e9geta cl\u00e1sico de la Tor\u00e1, en su comentario al libro del \u00c9xodo (28:10) determina que el orden es el siguiente: Reub\u00e9n, Shim\u00f3n, Lev\u00ed, Iehud\u00e1, Dan, Naftal\u00ed, Gad, Asher, Isajar, Zevul\u00fan, Jos\u00e9 y Biniam\u00edn. Con Rashi coincide una de las opiniones del <em>Midrash Lekaj Tov<\/em> y Rabeinu Bejaie.<\/p>\n<p><strong>Najm\u00e1nides<\/strong>, por su parte, en su obra <em>Emun\u00e1 Ubitaj\u00f3n,<\/em> ordena las tribus del siguiente modo: Rub\u00e9n, Shim\u00f3n, Lev\u00ed,\u00a0 Iehud\u00e1, Dan, Gad, Isajar, Naftal\u00ed, Asher, Zevul\u00fan, Jos\u00e9 y Biniam\u00edn.<\/p>\n<p>De acuerdo con la obra cl\u00e1sica <em>Seder Olam:<\/em><\/p>\n<p>Rub\u00e9n naci\u00f3 el 14 de Kislev y parti\u00f3 de nuestro mundo a la edad de 125 a\u00f1os;<\/p>\n<p>Shim\u00f3n naci\u00f3 el 28 de Tevet y parti\u00f3 a la edad de 120 a\u00f1os;<\/p>\n<p>Lev\u00ed naci\u00f3 el 16 de Nis\u00e1n y parti\u00f3 a los 137 a\u00f1os;<\/p>\n<p>Iehud\u00e1 naci\u00f3 el d\u00eda 15 de Siv\u00e1n y parti\u00f3 a la edad de 119 a\u00f1os;<\/p>\n<p>Dan naci\u00f3 el 9 de Elul y parti\u00f3 a la edad de 125 a\u00f1os;<\/p>\n<p>Naftal\u00ed naci\u00f3 el d\u00eda 5 de Tishrei y parti\u00f3 a la edad de 133 a\u00f1os;<\/p>\n<p>Gad naci\u00f3 el 10 de Jeshv\u00e1n y parti\u00f3 a la edad de 125 a\u00f1os;<\/p>\n<p>Asher naci\u00f3 el 20 de Shevat y parti\u00f3 a la edad de 123 a\u00f1os;<\/p>\n<p>Isajar naci\u00f3 el 10 de Av y parti\u00f3 a la edad de 122 a\u00f1os;<\/p>\n<p>Zevul\u00fan naci\u00f3 el 7 de Tishrei y parti\u00f3 a la edad de 110 a\u00f1os; y<\/p>\n<p>Biniam\u00edn naci\u00f3 el 11 de Jeshv\u00e1n y parti\u00f3 a la edad de 115 a\u00f1os.<\/p>\n","protected":false},"excerpt":{"rendered":"<p>Doce fueron los hijos de Jacob: Seis de Lea \u2013Rub\u00e9n, Shim\u00f3n, Lev\u00ed y Iehud\u00e1, Isajar y Zevul\u00fan- (G\u00e9nesis 29: 31-35; 30:17-20); Dos de Rajel \u2013Iosef y Biniam\u00edn- (G\u00e9nesis 30: 22-24; 35:16-18) Dos de Bil\u00e1, la sirvienta de Rajel \u2013Dan y Naftal\u00ed- (G\u00e9nesis 30:5-8) Y dos de Zilp\u00e1, la sirvienta de Lea \u2013Gad y Asher- (G\u00e9nesis &#8230; <a title=\"Las doce tribus de Israel\" class=\"read-more\" href=\"https:\/\/sefarad-asturias.org\/blog\/las-doce-tribus-de-israel\/\" aria-label=\"Leer m\u00e1s sobre Las doce tribus de Israel\">Leer m\u00e1s<\/a><\/p>\n","protected":false},"author":2,"featured_media":0,"comment_status":"closed","ping_status":"closed","sticky":false,"template":"","format":"standard","meta":{"footnotes":""},"categories":[16],"tags":[],"class_list":["post-593","post","type-post","status-publish","format-standard","hentry","category-historia-judia"],"_links":{"self":[{"href":"https:\/\/sefarad-asturias.org\/blog\/wp-json\/wp\/v2\/posts\/593","targetHints":{"allow":["GET"]}}],"collection":[{"href":"https:\/\/sefarad-asturias.org\/blog\/wp-json\/wp\/v2\/posts"}],"about":[{"href":"https:\/\/sefarad-asturias.org\/blog\/wp-json\/wp\/v2\/types\/post"}],"author":[{"embeddable":true,"href":"https:\/\/sefarad-asturias.org\/blog\/wp-json\/wp\/v2\/users\/2"}],"replies":[{"embeddable":true,"href":"https:\/\/sefarad-asturias.org\/blog\/wp-json\/wp\/v2\/comments?post=593"}],"version-history":[{"count":0,"href":"https:\/\/sefarad-asturias.org\/blog\/wp-json\/wp\/v2\/posts\/593\/revisions"}],"wp:attachment":[{"href":"https:\/\/sefarad-asturias.org\/blog\/wp-json\/wp\/v2\/media?parent=593"}],"wp:term":[{"taxonomy":"category","embeddable":true,"href":"https:\/\/sefarad-asturias.org\/blog\/wp-json\/wp\/v2\/categories?post=593"},{"taxonomy":"post_tag","embeddable":true,"href":"https:\/\/sefarad-asturias.org\/blog\/wp-json\/wp\/v2\/tags?post=593"}],"curies":[{"name":"wp","href":"https:\/\/api.w.org\/{rel}","templated":true}]}}