{"id":549,"date":"2019-02-07T09:03:21","date_gmt":"2019-02-07T09:03:21","guid":{"rendered":"http:\/\/sefarad-asturias.org\/blog\/?p=549"},"modified":"2020-07-15T05:56:35","modified_gmt":"2020-07-15T05:56:35","slug":"que-es-el-judaismo-por-el-rabino-juan-mejia","status":"publish","type":"post","link":"https:\/\/sefarad-asturias.org\/blog\/que-es-el-judaismo-por-el-rabino-juan-mejia\/","title":{"rendered":"\u00bfQu\u00e9 es el juda\u00edsmo? Por el Rabino Juan Mej\u00eda"},"content":{"rendered":"\n<p>El rabino Juan Mej\u00eda lo explica en un v\u00eddeo, que se encuentra en su canal KOL TUV SEFARAD, en el apartado de sus clases\u00a0de introducci\u00f3n al Juda\u00edsmo.<\/p>\n<p>El juda\u00edsmo NO es una raza.<\/p>\n<p>El juda\u00edsmo No es una nacionalidad.<\/p>\n<p>El juda\u00edsmo como religi\u00f3n.<\/p>\n<p>El juda\u00edsmo como pueblo.<\/p>\n<p>El juda\u00edsmo como literatura.<\/p>\n<p><iframe loading=\"lazy\" src=\"https:\/\/www.youtube.com\/embed\/videoseries?list=PLZYfT90hXh08BqBIwSwaw0eUtxJPopDGu\" width=\"678\" height=\"381\" frameborder=\"0\" allowfullscreen=\"allowfullscreen\" data-mce-fragment=\"1\"><\/iframe><\/p>\n<div class=\"simplesocialbuttons simplesocial-sm-round simplesocialbuttons_inline simplesocialbuttons-align-left post-1658 post simplesocialbuttons-inline-no-animation simplesocialbuttons-inline-in\"><\/div>\n","protected":false},"excerpt":{"rendered":"<p>El rabino Juan Mej\u00eda lo explica en un v\u00eddeo, que se encuentra en su canal KOL TUV SEFARAD, en el apartado de sus clases\u00a0de introducci\u00f3n al Juda\u00edsmo. El juda\u00edsmo NO es una raza. El juda\u00edsmo No es una nacionalidad. El juda\u00edsmo como religi\u00f3n. El juda\u00edsmo como pueblo. El juda\u00edsmo como literatura.<\/p>\n","protected":false},"author":2,"featured_media":0,"comment_status":"closed","ping_status":"closed","sticky":false,"template":"","format":"standard","meta":{"footnotes":""},"categories":[13],"tags":[],"class_list":["post-549","post","type-post","status-publish","format-standard","hentry","category-filosofia-judia"],"_links":{"self":[{"href":"https:\/\/sefarad-asturias.org\/blog\/wp-json\/wp\/v2\/posts\/549","targetHints":{"allow":["GET"]}}],"collection":[{"href":"https:\/\/sefarad-asturias.org\/blog\/wp-json\/wp\/v2\/posts"}],"about":[{"href":"https:\/\/sefarad-asturias.org\/blog\/wp-json\/wp\/v2\/types\/post"}],"author":[{"embeddable":true,"href":"https:\/\/sefarad-asturias.org\/blog\/wp-json\/wp\/v2\/users\/2"}],"replies":[{"embeddable":true,"href":"https:\/\/sefarad-asturias.org\/blog\/wp-json\/wp\/v2\/comments?post=549"}],"version-history":[{"count":0,"href":"https:\/\/sefarad-asturias.org\/blog\/wp-json\/wp\/v2\/posts\/549\/revisions"}],"wp:attachment":[{"href":"https:\/\/sefarad-asturias.org\/blog\/wp-json\/wp\/v2\/media?parent=549"}],"wp:term":[{"taxonomy":"category","embeddable":true,"href":"https:\/\/sefarad-asturias.org\/blog\/wp-json\/wp\/v2\/categories?post=549"},{"taxonomy":"post_tag","embeddable":true,"href":"https:\/\/sefarad-asturias.org\/blog\/wp-json\/wp\/v2\/tags?post=549"}],"curies":[{"name":"wp","href":"https:\/\/api.w.org\/{rel}","templated":true}]}}