{"id":2328,"date":"2016-06-21T09:40:35","date_gmt":"2016-06-21T09:40:35","guid":{"rendered":"http:\/\/sefarad-asturias.org\/blog\/?p=2328"},"modified":"2021-06-02T14:08:32","modified_gmt":"2021-06-02T14:08:32","slug":"dejemos-entrar-la-luz-del-shabat","status":"publish","type":"post","link":"https:\/\/sefarad-asturias.org\/blog\/dejemos-entrar-la-luz-del-shabat\/","title":{"rendered":"DEJEMOS ENTRAR LA LUZ DEL SHABAT"},"content":{"rendered":"\n<p>La vida, hoy, es una constante y agobiante carrera. T\u00fa estudias o trabajas duro toda la semana, diriges un hogar, cr\u00edas a tus hijos, etc. Los d\u00edas se acumulan, se convierten en meses y as\u00ed los a\u00f1os van pasando. Debemos saber detenernos un instante y tomarnos un respiro para pensar tambi\u00e9n en nuestras almas.<\/p>\n<p>Una vez a la semana tienes esta oportunidad, el momento del encendido de las velas de Shabat.<\/p>\n<p>Este es un precepto de la mujer jud\u00eda. Es la uni\u00f3n de tu familia con la tradici\u00f3n jud\u00eda. Tu uni\u00f3n con las maravillosas mujeres jud\u00edas de todas las \u00e9pocas, las cuales todos los viernes encend\u00edan las velas, tapaban sus ojos, realizaban sus plegarias y se tomaban ese respiro para su alma.<\/p>\n<p>Deja entrar t\u00fa tambi\u00e9n esta maravillosa, milenaria y sagrada luz a tu hogar y a tu familia. Enciende las velas de Shabat.<\/p>\n<p>Tal como se encienden las velas en honor al Shabat, de la misma manera se lo hace en honor a las Festividades. Cada Festividad tiene su propia Bendici\u00f3n.<\/p>\n<p>A\u00fan una ni\u00f1a, a partir de los tres a\u00f1os en adelante, debe encender sus velas de Shabat y Iom Tov.<\/p>\n<p>Las mujeres casadas encienden dos velas, las solteras s\u00f3lo una.<\/p>\n<p>Primero enciende la ni\u00f1a, y luego su madre.<\/p>\n<p>Es costumbre poner unas monedas para caridad (tzedak\u00e1) antes del encendido.<\/p>\n<p>Es conveniente que las velas de Shabat y Iom Tov est\u00e9n sobre la mesa en la que se llevar\u00e1 a cabo la cena.<\/p>\n<p>Es muy importante tener cuidado con el horario de encendido de las velas. No deben encenderse las velas del Shabat, si ya ha sido la puesta de sol, ya que de esta forma se profana el Shabat. Por ello es preferible no encenderlas si pas\u00f3 el horario y se deber\u00e1 tener mucho cuidado para que esto no vuelva a ocurrir.<\/p>\n<p>Primero se encienden las velas, luego se tapan los ojos con las palmas de las manos y se recita la Bendici\u00f3n correspondiente.<\/p>\n<p>El valor de esta Mitzv\u00e1 (Precepto) tiene total vigencia, a\u00fan cuando t\u00fa no observes todav\u00eda los dem\u00e1s Preceptos del Shabat, y este hecho no debe ser un impedimento para que t\u00fa enciendas las velas del Shabat y Iom Tov.<\/p>\n<p>Por el contrario, tal vez por medio de esta hermosa Mitzv\u00e1 podr\u00e1s sentir el sabor especial del Shabat que te facilitar\u00e1 su observancia.<\/p>\n<p>Todos los viernes, 18 minutos antes de la puesta del sol, enciende las Velas de Shabat, pon tus manos alrededor de las llamas y hace tres movimientos en forma circular atrayendo la luz hacia ti, luego c\u00fabrete los ojos, y recita la siguiente bendici\u00f3n:<\/p>\n<p><em>Bar\u00faj at\u00e1 A-do-n\u00e1i E-lo-h\u00e9inu m\u00e9lej haol\u00e1m<\/em><br \/>\n<em>ash\u00e9r kidsh\u00e1nu bemitzvot\u00e1v vetziv\u00e1nu<\/em><br \/>\n<em>lehadlik ner shel Shabat<\/em><br \/>\nBendito eres T\u00fa, Di-s, nuestro Se\u00f1or,<br \/>\nRey del Universo, Quien nos santific\u00f3<br \/>\ncon Sus preceptos y nos orden\u00f3 encender<br \/>\nlas velas del Shabat.<\/p>\n<p>La segunda noche de las Festividades hay que tener cuidado de no encender las velas de Iom Tov directamente de un f\u00f3sforo, sino que debe hacerse de un fuego ya encendido y preexistente desde antes del comienzo de la Festividad, esto puede ser una llama piloto, una hornalla o una vela de larga duraci\u00f3n.<\/p>\n","protected":false},"excerpt":{"rendered":"<p>La vida, hoy, es una constante y agobiante carrera. T\u00fa estudias o trabajas duro toda la semana, diriges un hogar, cr\u00edas a tus hijos, etc. Los d\u00edas se acumulan, se convierten en meses y as\u00ed los a\u00f1os van pasando. Debemos saber detenernos un instante y tomarnos un respiro para pensar tambi\u00e9n en nuestras almas. Una &#8230; <a title=\"DEJEMOS ENTRAR LA LUZ DEL SHABAT\" class=\"read-more\" href=\"https:\/\/sefarad-asturias.org\/blog\/dejemos-entrar-la-luz-del-shabat\/\" aria-label=\"Leer m\u00e1s sobre DEJEMOS ENTRAR LA LUZ DEL SHABAT\">Leer m\u00e1s<\/a><\/p>\n","protected":false},"author":2,"featured_media":0,"comment_status":"closed","ping_status":"closed","sticky":false,"template":"","format":"standard","meta":{"footnotes":""},"categories":[12],"tags":[204],"class_list":["post-2328","post","type-post","status-publish","format-standard","hentry","category-fiestas-judias","tag-shabat"],"_links":{"self":[{"href":"https:\/\/sefarad-asturias.org\/blog\/wp-json\/wp\/v2\/posts\/2328","targetHints":{"allow":["GET"]}}],"collection":[{"href":"https:\/\/sefarad-asturias.org\/blog\/wp-json\/wp\/v2\/posts"}],"about":[{"href":"https:\/\/sefarad-asturias.org\/blog\/wp-json\/wp\/v2\/types\/post"}],"author":[{"embeddable":true,"href":"https:\/\/sefarad-asturias.org\/blog\/wp-json\/wp\/v2\/users\/2"}],"replies":[{"embeddable":true,"href":"https:\/\/sefarad-asturias.org\/blog\/wp-json\/wp\/v2\/comments?post=2328"}],"version-history":[{"count":0,"href":"https:\/\/sefarad-asturias.org\/blog\/wp-json\/wp\/v2\/posts\/2328\/revisions"}],"wp:attachment":[{"href":"https:\/\/sefarad-asturias.org\/blog\/wp-json\/wp\/v2\/media?parent=2328"}],"wp:term":[{"taxonomy":"category","embeddable":true,"href":"https:\/\/sefarad-asturias.org\/blog\/wp-json\/wp\/v2\/categories?post=2328"},{"taxonomy":"post_tag","embeddable":true,"href":"https:\/\/sefarad-asturias.org\/blog\/wp-json\/wp\/v2\/tags?post=2328"}],"curies":[{"name":"wp","href":"https:\/\/api.w.org\/{rel}","templated":true}]}}