{"id":2099,"date":"2017-06-09T10:57:51","date_gmt":"2017-06-09T10:57:51","guid":{"rendered":"http:\/\/sefarad-asturias.org\/blog\/?p=2099"},"modified":"2021-05-30T09:44:04","modified_gmt":"2021-05-30T09:44:04","slug":"parashat-behaalotja-un-solo-estatuto-para-todos","status":"publish","type":"post","link":"https:\/\/sefarad-asturias.org\/blog\/parashat-behaalotja-un-solo-estatuto-para-todos\/","title":{"rendered":"PARASHAT BEHAALOTJ\u00c1: Un solo estatuto para todos"},"content":{"rendered":"\n<p>Parashat Behaalotj\u00e1 como la mayor\u00eda del libro de Bemidbar, atraviesa las diferentes vicisitudes que experimentan estos \u201cya no m\u00e1s esclavos\u201d pero \u201cno todav\u00eda totalmente libres\u201d.<\/p>\n<p>Miedos, nuevo calendario, ritualidades a inaugurar, mezquindades, euforia\u2026 en fin, constituirse en pueblo libre va a necesitar de una gran transici\u00f3n. Porque no estamos hablando de cambio. El cambio sucede de una vez, y en este caso, el cambio fue de la esclavitud a la libertad.<\/p>\n<p>Pero ese cambio no garantiza nada.<\/p>\n<p>Ahora viene el largo y dif\u00edcil proceso de transici\u00f3n. Entender la nueva realidad con sus nuevos derechos y nuevas responsabilidades.<\/p>\n<p>Entre todos los temas que toca esta parash\u00e1, me quiero quedar con la \u00faltima mitad de un vers\u00edculo del cap\u00edtulo 9. Algunos dir\u00e1n que no es correcto tomar una sola mitad. Es posible.<\/p>\n<p>Pero, como escribiera George Steiner: \u201cInterpretar es juzgar. Ning\u00fan desciframiento, por muy filol\u00f3gico o textual -en el sentido m\u00e1s t\u00e9cnico del t\u00e9rmino- que sea, est\u00e1 libre de valores.\u201d<\/p>\n<p>Y nosotros, cuando nos acercamos al texto de la Tor\u00e1, lo leemos buscando un mensaje, necesitamos recuperar lo valorativo, lo que vale, lo que nos hace valiosos, y los que nos permite revalorar lo que ha quedado en el olvido\u2026<\/p>\n<p>Por eso me atrevo a quedarme con la \u00faltima parte de un vers\u00edculo. Porque me habla y desde \u00e9l yo tambi\u00e9n siento que puedo hablarles.<\/p>\n<p style=\"text-align: right;\">\u05d7\u05bb\u05e7\u05bc\u05b8\u05d4 \u05d0\u05b7\u05d7\u05b7\u05ea \u05d9\u05b4\u05d4\u05b0\u05d9\u05b6\u05d4 \u05dc\u05b8\u05db\u05b6\u05dd, \u05d5\u05b0\u05dc\u05b7\u05d2\u05bc\u05b5\u05e8 \u05d5\u05bc\u05dc\u05b0\u05d0\u05b6\u05d6\u05b0\u05e8\u05b7\u05d7 \u05d4\u05b8\u05d0\u05b8\u05e8\u05b6\u05e5.<\/p>\n<p><em>\u201c\u2026 tendr\u00e9is un solo estatuto, tanto para el forastero como para el nativo de la tierra.\u201d <\/em>Bemidbar 9:14<\/p>\n<p>El texto est\u00e1 hablando de la prescripci\u00f3n de celebrar Pesaj. Y en esa circunstancia- no menor, porque estamos hablando de la evocaci\u00f3n de aquel momento en el que dejamos de ser esclavos, ciudadanos \u201cde segunda\u201d, para construir una sociedad de pleno derecho- la ley es para todos, hay un solo estatuto, para el que es parte del pueblo de Israel, como para el que viene de otros lugares pero vive con nosotros.<\/p>\n<p>As\u00ed es el vers\u00edculo completo: <em>\u00abY si un forastero reside entre vosotros y celebra Pesaj al SE\u00d1OR, conforme al estatuto de la \u00a0Pesaj y conforme a su ordenanza lo har\u00e1; TENDR\u00c9IS UN SOLO ESTATUTO, TANTO PARA EL FORASTERO COMO PARA EL NATIVO DE LA TIERRA.<\/em><\/p>\n<p>Si estamos hablando de la celebraci\u00f3n m\u00e1s emblem\u00e1tica; la de la libertad y es all\u00ed que la ley es igual para todos, cuanto m\u00e1s me permito pensar que \u00e9se es el ideal de la Tor\u00e1: al interior de nuestro pueblo, y tambi\u00e9n hacia todos los que quieren realizar sus vidas dentro de \u00e9l.<\/p>\n<p>Un solo estatuto. Todos iguales. Para celebrar la libertad que nos hace a cada uno, uno pero que a su vez no ser\u00eda tal si no es para todos, de todos, en todos.<\/p>\n<p>Martin Buber, como un profeta de la modernidad habla de estos temas sensiblemente. Dice que una comunidad de personas est\u00e1 basada en el concepto \u201cnosotros\u201d como modelo.<\/p>\n<p>Somos seres relacionales. Necesitamos estar pr\u00f3ximos, unos de otros. (La cuesti\u00f3n es c\u00f3mo nuestro tiempo desvirtu\u00f3 esa proximidad y la transform\u00f3 en relaciones de manipulaci\u00f3n o de usurpaci\u00f3n).<\/p>\n<p>Pero Buber dice que el primer horizonte de lo humano como tal, se da cuando nos reconocemos en un \u201cnosotros\u201d. Estoy yo, est\u00e1s t\u00fa y en ese v\u00ednculo de encuentro sucede algo tanto m\u00e1s potente que uno y\/u otro que es el \u201cnosotros\u201d.<\/p>\n<p>As\u00ed se construye la esfera de lo social.<\/p>\n<p>Cuando esa cercan\u00eda se hace mutua, una proximidad que me hace responsable por la vida del otro. Y cuando un verdadero \u201cnosotros\u201d sucede, reci\u00e9n ah\u00ed comprendemos el concepto de \u201ctodos\u201d.<\/p>\n<p>S\u00f3lo cuando tenemos la real experiencia del \u201cnosotros\u201d, cuando podemos decir y vivir el\u00a0 \u201cnosotros\u201d, podemos hablar de \u201ctodos\u201d.<\/p>\n<p>Y para eso se necesita, como dice Buber, \u201cestar presente\u201d para los dem\u00e1s. La presencia es lo \u00fanico que le puede devolver al hombre esa confianza perdida. La presencia se descubre en el encuentro.<\/p>\n<p>Es por eso que me emociona detenerme en esta parte del vers\u00edculo: nos est\u00e1n pidiendo desde entonces, que tengamos una sola ley para todos, cuando hablamos de libertad. Y para que eso sucede, para que nadie se sienta extranjerizado, disminuido, de menor monto que otros, tenemos que entender que la Tor\u00e1 es el veh\u00edculo que nos facilita ser ese \u201cnosotros\u201d del que habla Buber, cuando ejercito el ser el garante de mi hermano, cuando me duele el dolor del otros, cuando me comprometo con las causas que dignifiquen la vida, m\u00e1s all\u00e1 de la m\u00eda.<\/p>\n<p>As\u00ed seremos \u201ctodo\u201d el pueblo, cuando nos hagamos cargo del \u201cnosotros\u201d, un \u201cnosotros\u201d que no es la suma de \u201ciguales\u201d sino el desaf\u00edo de abrir los brazos para abrigar a todo aqu\u00e9l que en libertad, con sus lenguajes e interpretaciones, quiera compartir la aventura maravillosa de pertenecer a este pueblo.<\/p>\n<p>All\u00ed fuimos comandados.<\/p>\n<p>Una sola ley para todos.<\/p>\n<p>Un todos que se construye cuando nos ocupamos de un \u201cnosotros\u201d. Ni yo, ni ellos, ni esos, ni esas, ni aquellas,\u2026 NOSOTROS.<\/p>\n<p>Shabat Shalom,<\/p>\n<p>Rabina Silvina Chemen,<\/p>\n","protected":false},"excerpt":{"rendered":"<p>Parashat Behaalotj\u00e1 como la mayor\u00eda del libro de Bemidbar, atraviesa las diferentes vicisitudes que experimentan estos \u201cya no m\u00e1s esclavos\u201d pero \u201cno todav\u00eda totalmente libres\u201d. Miedos, nuevo calendario, ritualidades a inaugurar, mezquindades, euforia\u2026 en fin, constituirse en pueblo libre va a necesitar de una gran transici\u00f3n. Porque no estamos hablando de cambio. El cambio sucede &#8230; <a title=\"PARASHAT BEHAALOTJ\u00c1: Un solo estatuto para todos\" class=\"read-more\" href=\"https:\/\/sefarad-asturias.org\/blog\/parashat-behaalotja-un-solo-estatuto-para-todos\/\" aria-label=\"Leer m\u00e1s sobre PARASHAT BEHAALOTJ\u00c1: Un solo estatuto para todos\">Leer m\u00e1s<\/a><\/p>\n","protected":false},"author":2,"featured_media":0,"comment_status":"closed","ping_status":"closed","sticky":false,"template":"","format":"standard","meta":{"footnotes":""},"categories":[19],"tags":[26],"class_list":["post-2099","post","type-post","status-publish","format-standard","hentry","category-parashat-hashavua","tag-behaaloteja"],"_links":{"self":[{"href":"https:\/\/sefarad-asturias.org\/blog\/wp-json\/wp\/v2\/posts\/2099","targetHints":{"allow":["GET"]}}],"collection":[{"href":"https:\/\/sefarad-asturias.org\/blog\/wp-json\/wp\/v2\/posts"}],"about":[{"href":"https:\/\/sefarad-asturias.org\/blog\/wp-json\/wp\/v2\/types\/post"}],"author":[{"embeddable":true,"href":"https:\/\/sefarad-asturias.org\/blog\/wp-json\/wp\/v2\/users\/2"}],"replies":[{"embeddable":true,"href":"https:\/\/sefarad-asturias.org\/blog\/wp-json\/wp\/v2\/comments?post=2099"}],"version-history":[{"count":0,"href":"https:\/\/sefarad-asturias.org\/blog\/wp-json\/wp\/v2\/posts\/2099\/revisions"}],"wp:attachment":[{"href":"https:\/\/sefarad-asturias.org\/blog\/wp-json\/wp\/v2\/media?parent=2099"}],"wp:term":[{"taxonomy":"category","embeddable":true,"href":"https:\/\/sefarad-asturias.org\/blog\/wp-json\/wp\/v2\/categories?post=2099"},{"taxonomy":"post_tag","embeddable":true,"href":"https:\/\/sefarad-asturias.org\/blog\/wp-json\/wp\/v2\/tags?post=2099"}],"curies":[{"name":"wp","href":"https:\/\/api.w.org\/{rel}","templated":true}]}}