{"id":2095,"date":"2015-06-05T16:33:47","date_gmt":"2015-06-05T16:33:47","guid":{"rendered":"http:\/\/sefarad-asturias.org\/blog\/?p=2095"},"modified":"2021-05-30T09:27:35","modified_gmt":"2021-05-30T09:27:35","slug":"parashat-behaalotja-encender-la-menora-con-emocion","status":"publish","type":"post","link":"https:\/\/sefarad-asturias.org\/blog\/parashat-behaalotja-encender-la-menora-con-emocion\/","title":{"rendered":"PARASHAT BEHAALOTJ\u00c1: encender la menor\u00e1 con emoci\u00f3n"},"content":{"rendered":"\n<p>Comenzamos la parashat diciendo: \u201c<em>Y habl\u00f3 Adonai \u00e1 Mosh\u00e9, diciendo: Habla a Ahar\u00f3n, y dile: haz de modo que las siete l\u00e1mparas alumbren hacia la l\u00e1mpara central del candelabro. Y Ahar\u00f3n lo hizo as\u00ed; encendi\u00f3 las l\u00e1mparas de modo que alumbrasen hacia la l\u00e1mpara central del candelabro, tal como orden\u00f3 el Eterno a Mosh\u00e9\u201d<\/em> Bemidbar 8:1-3<\/p>\n<p>Aparentemente este comienzo no tiene nada de especial. Dios le ordena a Mosh\u00e9 que le hable a Ahar\u00f3n, su hermano, el Sumo sacerdote y le diga que cuando encienda las luces de la Menor\u00e1, las l\u00e1mparas deber\u00e1n mirar hacia la que est\u00e1 en el centro del candelabro. Y as\u00ed cumpli\u00f3 Ahar\u00f3n lo que Dios le indic\u00f3 a Mosh\u00e9 que le pidiera.<\/p>\n<p>Algunos de nuestros jajamim se preguntan acerca del motivo por el cual Ahar\u00f3n debe ser quien encienda la luz de la Menor\u00e1 &#8211; tarea aparentemente poco distinguida y delegable a otra persona de su misma tribu. Muchos tratan de explicarlo diciendo que la \u00fanica tribu que no ofreci\u00f3 sus ofrendas en la inauguraci\u00f3n del Mishk\u00e1n &#8211; texto estudiado la semana pasada &#8211; fue la tribu de Lev\u00ed, y que Ahar\u00f3n estaba compungido por ello. Por esta causa Dios comanda que sea \u00e9l mismo el que encienda la Menor\u00e1.<\/p>\n<p>No llama la atenci\u00f3n el hecho de que sea Ahar\u00f3n el que la encienda sino una afirmaci\u00f3n que aparentemente es innecesaria: \u201c<em>Y Ahar\u00f3n lo hizo as\u00ed\u2026 tal como orden\u00f3 el Eterno a Mosh\u00e9.<\/em>\u201d \u00bfAcaso Ahar\u00f3n no cumpl\u00eda al pie de la letra lo que Dios o Mosh\u00e9 le indicaban? \u00bfQu\u00e9 es lo novedoso para remarcar ac\u00e1 que Ahar\u00f3n lo hizo tal como le fuera ordenado? Ahar\u00f3n trabajaba de obedecer las \u00f3rdenes que recib\u00eda de Dios y de Mosh\u00e9, porque era el responsable de poner en marcha el funcionamiento de la Tienda de Reuni\u00f3n, el Santuario, el Tabern\u00e1culo, la misma morada de Dios. Cumpla con lo que deb\u00eda hacer. Entonces, \u00bfqu\u00e9 agrega esta manera de hablar del cumplimiento de Ahar\u00f3n?<\/p>\n<p>Rashi nos contesta que est\u00e1 escrito que Ahar\u00f3n lo hizo as\u00ed, para loar a Ahar\u00f3n, porque Ahar\u00f3n, durante todos los a\u00f1os del desierto asumi\u00f3 el encendido y la permanencia de las luces de la Menor\u00e1. Y en todos estos a\u00f1os, no modific\u00f3 nada. Hizo tal cual Dios le indicara por boca de Mosh\u00e9 desde el primer d\u00eda hasta el \u00faltimo.<\/p>\n<p>Por su parte el jajam Sfat Emet (Yehudah Aryeh Leib Alter (Polonia, 1847\u20131905) agrega en su interpretaci\u00f3n que esto indica que el entusiasmo de Ahar\u00f3n no decay\u00f3 jam\u00e1s durante los a\u00f1os que estuvo a cargo de las luces del candelabro. Nunca disminuy\u00f3 la emoci\u00f3n. Era fresca y vigorizante como el primer d\u00eda.<\/p>\n<p>En primera lectura apresurada, buscando alg\u00fan concepto que deslumbre, parec\u00eda que el comentario de Sfat Emet no aportaba demasiado. \u00bfPuede haber entusiasmo en una tarea tan poco destacable como prender fuego y luego, limpiar el holl\u00edn, recargar de aceite, agregar mechas? Podr\u00eda haberlo sido el primer d\u00eda, apenas culminaron las ofrendas del d\u00eda inaugural, pero \u00bfentusiasmo continuado?<\/p>\n<p>La etimolog\u00eda de la palabra entusiasmo procede del griego \u201centhousiasm\u00f3s\u201d, que significa \u2018rapto divino\u2019 o \u2018posesi\u00f3n divina\u2019, formado sobre la preposici\u00f3n \u201cen\u201d y el sustantivo \u201cthe\u00f3s\u201d \u2018Dios\u2019. La palabra entusiasmo \u201ctiene a Dios\u201d dentro de ella. Y hace que nuestra vida cotidiana pueda ser concebida con cierta conciencia divina, con asombro y reverencia.<\/p>\n<p>No se trata de buscar exaltaci\u00f3n casi ficticia de los sucesos de la vida, sino de una lecci\u00f3n para nuestro vivir cotidiano. A veces nos aburrimos r\u00e1pidamente por aquello que es parte de una rutina repetitiva. Y no s\u00f3lo en el trabajo. Levantar a los chicos todos los d\u00edas a la ma\u00f1ana, es como estar a cargo del encendido de la Menor\u00e1. Y podr\u00edamos hacer una lista de acciones- casi la mayor\u00eda- de las cuales nos quejamos, y no nos dan brillo frente a los dem\u00e1s, nos provocan aburrimiento, y hacemos con desgana: el cuidado de nuestro cuerpo, la protecci\u00f3n de la familia, el resguardo de nuestras parejas, la atenci\u00f3n a nuestros viejos, nuestras obligaciones como ciudadanos de esta sociedad, como responsables en nuestros trabajos\u2026 nadie nos va a aplaudir cuando preparemos una cena o acompa\u00f1emos a un hijo a sus partidos de f\u00fatbol. Es cotidiano. Es rutina, como si lo cotidiano no fuera la vida misma.<\/p>\n<p>Es all\u00ed, mucho m\u00e1s que en una sinagoga o en un evento espor\u00e1dico de alto impacto, donde tenemos que tener conciencia de lo divino que hay en nosotros y en la tarea a la que nos encomendamos. No importa la opini\u00f3n de los dem\u00e1s. Cada peque\u00f1o gesto puede ser el que deje nuestra huella en la historia.<\/p>\n<p>Entusiasmo es no renunciar a la oportunidad de traer un poco de cielo a la tierra en la vida de todos los d\u00edas. Es no negarnos la esperanza. Es aprender a valorar lo que hacemos y lo que somos y tomar conciencia de ello.<\/p>\n<p>Ahar\u00f3n encendi\u00f3 la luz, con entusiasmo. El entusiasmo enciende luz all\u00ed donde actuamos con esa energ\u00eda. Hay sin\u00f3nimos de la palabra entusiasmo que la desvirt\u00faan: frenes\u00ed, enardecimiento, locura, apoteosis. No, los entusiastas no estamos locos. Estamos convencidos que cada paso es una oportunidad sagrada en este mundo. Y no deber\u00edamos desaprovecharla.<\/p>\n","protected":false},"excerpt":{"rendered":"<p>Comenzamos la parashat diciendo: \u201cY habl\u00f3 Adonai \u00e1 Mosh\u00e9, diciendo: Habla a Ahar\u00f3n, y dile: haz de modo que las siete l\u00e1mparas alumbren hacia la l\u00e1mpara central del candelabro. Y Ahar\u00f3n lo hizo as\u00ed; encendi\u00f3 las l\u00e1mparas de modo que alumbrasen hacia la l\u00e1mpara central del candelabro, tal como orden\u00f3 el Eterno a Mosh\u00e9\u201d Bemidbar &#8230; <a title=\"PARASHAT BEHAALOTJ\u00c1: encender la menor\u00e1 con emoci\u00f3n\" class=\"read-more\" href=\"https:\/\/sefarad-asturias.org\/blog\/parashat-behaalotja-encender-la-menora-con-emocion\/\" aria-label=\"Leer m\u00e1s sobre PARASHAT BEHAALOTJ\u00c1: encender la menor\u00e1 con emoci\u00f3n\">Leer m\u00e1s<\/a><\/p>\n","protected":false},"author":2,"featured_media":0,"comment_status":"closed","ping_status":"closed","sticky":false,"template":"","format":"standard","meta":{"footnotes":""},"categories":[19],"tags":[26],"class_list":["post-2095","post","type-post","status-publish","format-standard","hentry","category-parashat-hashavua","tag-behaaloteja"],"_links":{"self":[{"href":"https:\/\/sefarad-asturias.org\/blog\/wp-json\/wp\/v2\/posts\/2095","targetHints":{"allow":["GET"]}}],"collection":[{"href":"https:\/\/sefarad-asturias.org\/blog\/wp-json\/wp\/v2\/posts"}],"about":[{"href":"https:\/\/sefarad-asturias.org\/blog\/wp-json\/wp\/v2\/types\/post"}],"author":[{"embeddable":true,"href":"https:\/\/sefarad-asturias.org\/blog\/wp-json\/wp\/v2\/users\/2"}],"replies":[{"embeddable":true,"href":"https:\/\/sefarad-asturias.org\/blog\/wp-json\/wp\/v2\/comments?post=2095"}],"version-history":[{"count":0,"href":"https:\/\/sefarad-asturias.org\/blog\/wp-json\/wp\/v2\/posts\/2095\/revisions"}],"wp:attachment":[{"href":"https:\/\/sefarad-asturias.org\/blog\/wp-json\/wp\/v2\/media?parent=2095"}],"wp:term":[{"taxonomy":"category","embeddable":true,"href":"https:\/\/sefarad-asturias.org\/blog\/wp-json\/wp\/v2\/categories?post=2095"},{"taxonomy":"post_tag","embeddable":true,"href":"https:\/\/sefarad-asturias.org\/blog\/wp-json\/wp\/v2\/tags?post=2095"}],"curies":[{"name":"wp","href":"https:\/\/api.w.org\/{rel}","templated":true}]}}