{"id":1335,"date":"2020-09-29T16:18:36","date_gmt":"2020-09-29T16:18:36","guid":{"rendered":"http:\/\/sefarad-asturias.org\/blog\/?p=1335"},"modified":"2023-10-01T19:24:56","modified_gmt":"2023-10-01T19:24:56","slug":"sucot-shabat-de-jol-hamoed","status":"publish","type":"post","link":"https:\/\/sefarad-asturias.org\/blog\/sucot-shabat-de-jol-hamoed\/","title":{"rendered":"SUKOT: Shabat de Jol Ha&#8217;moed"},"content":{"rendered":"\n<p>En su libro \u201c<em>Mahamarei HaReaya<\/em>\u201d (P\u00e1g. 149) explica el Rav Kuk que la s<em>uc\u00e1<\/em> es para nosotros como una fortaleza, como dice el vers\u00edculo \u201clos ocultar\u00e1s en Tu s<em>uc\u00e1<\/em> de las conspiraciones de los hombres\u201d (Tehilim 31:21): La s<em>uk\u00e1<\/em> es un lugar donde se puede esconder de los que intentan atacarnos. Y tambi\u00e9n encontramos en la formulaci\u00f3n de la <em>Gmar\u00e1<\/em> (Arajin 32B): \u201c<em>Y los proteger\u00e1 su m\u00e9rito como una suk\u00e1<\/em>\u201d \u2013 la s<em>uk\u00e1<\/em> es capaz de proteger. A primera vista, es muy extra\u00f1o: C\u00f3mo podr\u00e1 una vivienda provisoria como la <em>suk\u00e1<\/em> proteger de alguna forma? Y m\u00e1s a\u00fan, \u00bfc\u00f3mo podr\u00e1 constituir el s\u00edmbolo del refugio y la seguridad. Sobre todo cuando seg\u00fan la <em>halaj\u00e1<\/em> no hacen falta cuatro paredes, sino que alcanza con \u201c<em>dos paredes como corresponde y un palmo<\/em>\u201d \u2013 cuando las paredes construidas a duras penas son la mayor\u00eda. \u00bfC\u00f3mo podr\u00e1 una construcci\u00f3n endeble como esa convertirse en una fortaleza que proteja frente a todo enemigo?<\/p>\n<p>Explica el Rav Kuk que justamente cumpliendo la <em>mitzva<\/em> de la <em>suk\u00e1<\/em> le hacemos saber a todo el mundo que la verdad eterna es que la <em>suk\u00e1<\/em> \u2013 que se construye en forma tan endeble, hasta tal punto que seg\u00fan su aspecto exterior no merece ser llamada ni siquiera \u201ccasa\u201d \u2013 justamente ella es la m\u00e1s adecuada para ser nuestra fortaleza frente a todo enemigo y atacante. Y si alguna persona que mira la <em>suk\u00e1<\/em> por fuera, con su aspecto tan provisorio, se preguntar\u00e1 a s\u00ed mismo: \u201cC\u00f3mo podr\u00e1 esta <em>suk\u00e1<\/em>, que est\u00e1 abierta por todos lados convertirse en una fortaleza?\u201d, se podr\u00e1 contestar a s\u00ed mismo que no es la resistencia f\u00edsica de sus mamparas endebles la que nos protege, sino que la Ley Divina que act\u00faa en ella, la palabra de D\u2019s, que decret\u00f3 que en los d\u00edas de esta festividad <em>kedosh\u00e1<\/em> (santa) esa endeble edificaci\u00f3n es nuestra casa!. De forma que <strong>no son los medios f\u00edsicos los que nos protegen, sino que justamente la Ley Divina que rige en ellos<\/strong>.<\/p>\n<p>En el libro \u201c<em>Nejemia<\/em>\u201d (C\u00e1p. 8) est\u00e1 escrito: \u201c<em>Por manera que toda la comunidad de los que hab\u00edan vuelto del exilio se hicieron Sukot, y habitaron en las mismas, pues desde los d\u00edas de Yehoshua, hijo de Nun, hasta aquel d\u00eda no hab\u00edan hecho as\u00ed los hijos de Israel<\/em>\u201d. C\u00f3mo puede ser que desde los d\u00edas de Yehoshua \u2013 durante toda la \u00e9poca del primer <em>Beit HaMikdash<\/em> (El Templo) \u2013 los hijos de Israel no construyeron <em>Sukot<\/em>?. Y as\u00ed formula esa pregunta el Malbi\u201dm en su comentario all\u00ed: \u201cEs muy extra\u00f1o que <em>Am Israel<\/em> (el Pueblo de Israel) no construy\u00f3 s<em>ukot<\/em> desde la \u00e9poca de Yehoshua hasta ese momento\u201d). El <em>Jatam Sofer<\/em> (Torat Mosh\u00e9, Parashat Haazinu) contesta esa pregunta bas\u00e1ndose en un vers\u00edculo anterior, que dice \u201c<em>conforme a lo escrito<\/em>\u201d (Nejemia 8:15): Ellos construyeron suk\u00e1 m\u00ednima, de \u201c<em>dos paredes como corresponde y un palmo\u201d<\/em>, a pesar que no es la forma m\u00e1s adecuada de cumplir la <em>mitzva<\/em> con plenitud (ver all\u00ed, por qu\u00e9 lo hicieron de esa forma). Y no hab\u00edan construido ya hac\u00eda mucho tiempo<em> sukot<\/em> de ese tipo.<\/p>\n<p>Seg\u00fan la explicaci\u00f3n del Rav Kuk, se puede entender por qu\u00e9 en esa \u00e9poca, la \u00e9poca de Ezra y Nejemia, construyeron justamente de esa forma las <em>sukot<\/em>, y no cumplieron la <em>mitsv\u00e1 <\/em>en forma plena, construy\u00e9ndolas con cuatro paredes: En la \u00e9poca de Ezra, los exiliados que regresaron a la tierra eran pocos y la situaci\u00f3n era muy dif\u00edcil, como dice el vers\u00edculo \u201c<em>de esta suerte est\u00e1bamos trabajando en la obra [de la reconstrucci\u00f3n de la muralla de Yerushalaim], y la mitad de los trabajadores ten\u00edan asidas las lanzas desde el despuntar del alba hasta que sal\u00edan las estrellas<\/em>\u201d (Nejemia 4:15). Los gentiles se burlaban de ellos: \u201c<em>Qu\u00e9 est\u00e1n haciendo esos jud\u00edos desgraciados<\/em>?\u201d (Nejemia 3:34). En esa situaci\u00f3n de debilidad, era necesario fortalecer la moral del pueblo y devolverle la seguridad en s\u00ed mismo: La fortaleza del pueblo no reside en su cantidad num\u00e9rica, sino que justamente en su calidad espiritual. Y eso lo lograron construyendo una <em>suk\u00e1<\/em>, en la que no son sus paredes las que protegen, sino que el esp\u00edritu que se esconde en ella.<\/p>\n<p>Y como en la \u00e9poca de Ezra, tambi\u00e9n hoy en d\u00eda necesitamos fortalecer la moral nacional. Como escribi\u00f3 el Rav Kuk: \u201c<em>Y de ello podremos aprender para todas las generaciones, porque tambi\u00e9n para la construcci\u00f3n de nuestra casa nacional necesitamos fortalecer primeramente el aspecto espiritual. Y si bien las armas nuevas y sofisticadas son capaces de perforar tambi\u00e9n las fortalezas m\u00e1s herm\u00e9ticas, y pueden vencer gruesas murallas de metal, ellas no son capaces \u2013 y no hay ninguna herramienta que sea capaz \u2013 de derribar la fuerte muralla de la Ley producto de la palabra Divina. Y de ello aprenderemos que la palabra de D\u2019s, Sus leyes y mitsvot son nuestra fortaleza eterna &#8211; tambi\u00e9n ahora, cuando nos disponemos a reconstruir nuevamente nuestra casa nacional en la tierra de nuestros antepasados, y necesitamos fortalecer el esp\u00edritu, que ser\u00e1 la fuente de nuestra capacidad de resistencia<\/em>\u201d.<\/p>\n","protected":false},"excerpt":{"rendered":"<p>En su libro \u201cMahamarei HaReaya\u201d (P\u00e1g. 149) explica el Rav Kuk que la suc\u00e1 es para nosotros como una fortaleza, como dice el vers\u00edculo \u201clos ocultar\u00e1s en Tu suc\u00e1 de las conspiraciones de los hombres\u201d (Tehilim 31:21): La suk\u00e1 es un lugar donde se puede esconder de los que intentan atacarnos. Y tambi\u00e9n encontramos en &#8230; <a title=\"SUKOT: Shabat de Jol Ha&#8217;moed\" class=\"read-more\" href=\"https:\/\/sefarad-asturias.org\/blog\/sucot-shabat-de-jol-hamoed\/\" aria-label=\"Leer m\u00e1s sobre SUKOT: Shabat de Jol Ha&#8217;moed\">Leer m\u00e1s<\/a><\/p>\n","protected":false},"author":2,"featured_media":1336,"comment_status":"closed","ping_status":"closed","sticky":false,"template":"","format":"standard","meta":{"footnotes":""},"categories":[12],"tags":[217],"class_list":["post-1335","post","type-post","status-publish","format-standard","has-post-thumbnail","hentry","category-fiestas-judias","tag-sukot"],"_links":{"self":[{"href":"https:\/\/sefarad-asturias.org\/blog\/wp-json\/wp\/v2\/posts\/1335","targetHints":{"allow":["GET"]}}],"collection":[{"href":"https:\/\/sefarad-asturias.org\/blog\/wp-json\/wp\/v2\/posts"}],"about":[{"href":"https:\/\/sefarad-asturias.org\/blog\/wp-json\/wp\/v2\/types\/post"}],"author":[{"embeddable":true,"href":"https:\/\/sefarad-asturias.org\/blog\/wp-json\/wp\/v2\/users\/2"}],"replies":[{"embeddable":true,"href":"https:\/\/sefarad-asturias.org\/blog\/wp-json\/wp\/v2\/comments?post=1335"}],"version-history":[{"count":2,"href":"https:\/\/sefarad-asturias.org\/blog\/wp-json\/wp\/v2\/posts\/1335\/revisions"}],"predecessor-version":[{"id":3253,"href":"https:\/\/sefarad-asturias.org\/blog\/wp-json\/wp\/v2\/posts\/1335\/revisions\/3253"}],"wp:featuredmedia":[{"embeddable":true,"href":"https:\/\/sefarad-asturias.org\/blog\/wp-json\/wp\/v2\/media\/1336"}],"wp:attachment":[{"href":"https:\/\/sefarad-asturias.org\/blog\/wp-json\/wp\/v2\/media?parent=1335"}],"wp:term":[{"taxonomy":"category","embeddable":true,"href":"https:\/\/sefarad-asturias.org\/blog\/wp-json\/wp\/v2\/categories?post=1335"},{"taxonomy":"post_tag","embeddable":true,"href":"https:\/\/sefarad-asturias.org\/blog\/wp-json\/wp\/v2\/tags?post=1335"}],"curies":[{"name":"wp","href":"https:\/\/api.w.org\/{rel}","templated":true}]}}