{"id":1318,"date":"2014-10-01T10:41:27","date_gmt":"2014-10-01T10:41:27","guid":{"rendered":"http:\/\/sefarad-asturias.org\/blog\/?p=1318"},"modified":"2020-10-01T07:18:33","modified_gmt":"2020-10-01T07:18:33","slug":"1318","status":"publish","type":"post","link":"https:\/\/sefarad-asturias.org\/blog\/1318\/","title":{"rendered":"SUCOT: recordando nuestro pasado"},"content":{"rendered":"\n<p>Luego de las Altas Fiestas (Rosh Hashan\u00e1 y Yom Kipur) llega Sucot, una festividad de siete d\u00edas (ocho en la Di\u00e1spora) caracterizada por las <em>sucot<\/em> que construimos al aire libre y las \u201ccuatro especies\u201d que agitamos juntas cada d\u00eda.<\/p>\n<p>Sucot es una de las tres festividades de peregrinaci\u00f3n, durante las que anta\u00f1o el pueblo jud\u00edo peregrinaba a Jerusal\u00e9n, cuando se hallaba all\u00ed el Templo Sagrado, y se presentaban ofrendas de trigo y sacrificios de animales.<\/p>\n<p>Sucot es una festividad especialmente alegre en la que los elementos religiosos se entremezclan con los agr\u00edcolas. Su origen se encuentra en la Tor\u00e1 y conmemora los tabern\u00e1culos en que viv\u00edan los israel\u00edes en el desierto despu\u00e9s del \u00e9xodo de Egipto. Una suc\u00e1 es una morada temporal. Suele tener paredes de madera o de tela en al menos tres de sus cuatro lados y estar coronada por un tejado de ramas (por normal general, de hojas de palmera) a trav\u00e9s de las cuales se puede ver el cielo.<\/p>\n<p>En Sucot expresamos nuestra completa confianza en Dios, y celebramos nuestra certidumbre de haber recibido \u201cun buen juicio\u201d para el a\u00f1o siguiente.<\/p>\n<p>Durante toda la semana de Sucot, comemos, dormimos y compartimos en la suc\u00e1, record\u00e1ndonos que los israelitas vivieron en caba\u00f1as durante los 40 a\u00f1os de deambular por el desierto y que Dios es nuestra verdadera protecci\u00f3n, ya que protegi\u00f3 a los israelitas en el desierto con las Nubes de Gloria (\u00c9xodo 13:21).<\/p>\n<p><a href=\"http:\/\/sefarad-asturias.org\/blog\/wp-content\/uploads\/2020\/09\/suca-y-lulav.jpg\"><img loading=\"lazy\" decoding=\"async\" class=\"size-thumbnail wp-image-1319 aligncenter\" src=\"http:\/\/sefarad-asturias.org\/blog\/wp-content\/uploads\/2020\/09\/suca-y-lulav-150x150.jpg\" alt=\"\" width=\"150\" height=\"150\" srcset=\"https:\/\/sefarad-asturias.org\/blog\/wp-content\/uploads\/2020\/09\/suca-y-lulav-150x150.jpg 150w, https:\/\/sefarad-asturias.org\/blog\/wp-content\/uploads\/2020\/09\/suca-y-lulav-300x300.jpg 300w, https:\/\/sefarad-asturias.org\/blog\/wp-content\/uploads\/2020\/09\/suca-y-lulav.jpg 493w\" sizes=\"auto, (max-width: 150px) 100vw, 150px\" \/><\/a><\/p>\n<p>En Sucot, se nos ordena agitar las \u201ccuatro especies\u201d, cada una denotada por su belleza especial:<\/p>\n<p><strong>Etrog<\/strong>\u2013 la cidra, una fruta con fragancia que posee una gruesa c\u00e1scara blanca. A menudo es cosechada del \u00e1rbol cuando todav\u00eda est\u00e1 verde, y luego madura y se torna amarillo brillante.<\/p>\n<p><strong>Lulav<\/strong>\u2013 la rama de palmera, que es definida como bella por tener una forma recta y hojas firmemente unidas.<\/p>\n<p><strong>Had\u00e1s<\/strong>\u2013 la rama de mirto, que tiene un hermoso patr\u00f3n de tres hojas saliendo desde el mismo punto a lo largo de toda de la rama.<\/p>\n<p><strong>Arav\u00e1<\/strong>\u2013 la rama de sauce, que debe tener hojas alargadas con una punta fina.<\/p>\n<p>Juntamos todas las ramas: dos ramas de sauce a la izquierda, una rama de palmera en el centro, y tres ramas de mirto a la derecha. Las levantamos junto con el Etrog y las agitamos en todas las direcciones, como un s\u00edmbolo del dominio de Dios sobre toda la Creaci\u00f3n.<\/p>\n<p>Las cuatro especies son agitadas todos los d\u00edas (a excepci\u00f3n de Shabat) en la sinagoga, durante la recitaci\u00f3n de las plegarias de alabanza de <em>Halel<\/em>. La recitaci\u00f3n de <em>Halel<\/em> es seguida por <em>Hoshanot<\/em>, en donde todos circulan alrededor de un rollo de la Tor\u00e1 puesto sobre la <em>Bim\u00e1<\/em>.<\/p>\n<p>\u201cEmbellecer\u201d la mitzv\u00e1 consiguiendo las mejores especies disponibles es una tradici\u00f3n especial. En \u00faltima instancia, hay requisitos espec\u00edficos para que sean v\u00e1lidas para cumplir la mitzv\u00e1. Compra un set completo de un distribuidor confiable; tu tienda local de libros de juda\u00edsmo deber\u00eda tener un \u201cset de las cuatro especies\u201d con un sello rab\u00ednico certificando su validez.<\/p>\n","protected":false},"excerpt":{"rendered":"<p>Luego de las Altas Fiestas (Rosh Hashan\u00e1 y Yom Kipur) llega Sucot, una festividad de siete d\u00edas (ocho en la Di\u00e1spora) caracterizada por las sucot que construimos al aire libre y las \u201ccuatro especies\u201d que agitamos juntas cada d\u00eda. Sucot es una de las tres festividades de peregrinaci\u00f3n, durante las que anta\u00f1o el pueblo jud\u00edo &#8230; <a title=\"SUCOT: recordando nuestro pasado\" class=\"read-more\" href=\"https:\/\/sefarad-asturias.org\/blog\/1318\/\" aria-label=\"Leer m\u00e1s sobre SUCOT: recordando nuestro pasado\">Leer m\u00e1s<\/a><\/p>\n","protected":false},"author":2,"featured_media":0,"comment_status":"closed","ping_status":"closed","sticky":false,"template":"","format":"standard","meta":{"footnotes":""},"categories":[12],"tags":[93],"class_list":["post-1318","post","type-post","status-publish","format-standard","hentry","category-fiestas-judias","tag-sucot"],"_links":{"self":[{"href":"https:\/\/sefarad-asturias.org\/blog\/wp-json\/wp\/v2\/posts\/1318","targetHints":{"allow":["GET"]}}],"collection":[{"href":"https:\/\/sefarad-asturias.org\/blog\/wp-json\/wp\/v2\/posts"}],"about":[{"href":"https:\/\/sefarad-asturias.org\/blog\/wp-json\/wp\/v2\/types\/post"}],"author":[{"embeddable":true,"href":"https:\/\/sefarad-asturias.org\/blog\/wp-json\/wp\/v2\/users\/2"}],"replies":[{"embeddable":true,"href":"https:\/\/sefarad-asturias.org\/blog\/wp-json\/wp\/v2\/comments?post=1318"}],"version-history":[{"count":0,"href":"https:\/\/sefarad-asturias.org\/blog\/wp-json\/wp\/v2\/posts\/1318\/revisions"}],"wp:attachment":[{"href":"https:\/\/sefarad-asturias.org\/blog\/wp-json\/wp\/v2\/media?parent=1318"}],"wp:term":[{"taxonomy":"category","embeddable":true,"href":"https:\/\/sefarad-asturias.org\/blog\/wp-json\/wp\/v2\/categories?post=1318"},{"taxonomy":"post_tag","embeddable":true,"href":"https:\/\/sefarad-asturias.org\/blog\/wp-json\/wp\/v2\/tags?post=1318"}],"curies":[{"name":"wp","href":"https:\/\/api.w.org\/{rel}","templated":true}]}}