{"id":962,"date":"2020-06-14T11:46:00","date_gmt":"2020-06-14T11:46:00","guid":{"rendered":"http:\/\/sefarad-asturias.org\/blog\/?p=962"},"modified":"2020-08-03T15:47:21","modified_gmt":"2020-08-03T15:47:21","slug":"alma-y-espiritu-en-el-judaismo","status":"publish","type":"post","link":"http:\/\/sefarad-asturias.org\/blog\/alma-y-espiritu-en-el-judaismo\/","title":{"rendered":"ALMA Y ESP\u00cdRITU EN EL JUDA\u00cdSMO"},"content":{"rendered":"\n<p style=\"background: white; vertical-align: baseline; margin: 0cm 0cm 6.0pt 0cm;\"><span lang=\"ES-TRAD\" style=\"font-family: Helvetica; color: #2b2b2b;\">El alma (nefesh) no debe ser confundida con el esp\u00edritu (nesham\u00e1). La nesham\u00e1 es nuestra identidad espiritual, el yo esencial, la chispa Divina que contenemos mientras estamos aqu\u00ed.<\/span><\/p>\n<p style=\"background: white; vertical-align: baseline; margin: 0cm 0cm 6.0pt 0cm;\"><span lang=\"ES-TRAD\" style=\"font-family: Helvetica; color: #2b2b2b;\">La nesham\u00e1 no depende de nuestras acciones, ni de nuestras creencias o voluntad, ni se ve afectada por nuestros pecados o incordios. Su existencia depende pura y exclusivamente de Dios, y nada m\u00e1s que de \u00c9l. No se forma con materia, ni se transforma con mitzvot, ni se destruye en la desesperaci\u00f3n del pecado. Su lugar y tiempo es fuera del aqu\u00ed y de este momento, aunque est\u00e1 absolutamente presente aqu\u00ed y en este momento.<\/span><\/p>\n<p style=\"background: white; vertical-align: baseline; margin: 0cm 0cm 6.0pt 0cm;\"><span lang=\"ES-TRAD\" style=\"font-family: Helvetica; color: #2b2b2b;\">La nesham\u00e1 (esp\u00edritu) es de otro plano de existencia, completamente por fuera de nuestro tiempo\/espacio, y por tanto incomprensible.<\/span><\/p>\n<p style=\"background: white; vertical-align: baseline; margin: 0cm 0cm 6.0pt 0cm;\"><span lang=\"ES-TRAD\" style=\"font-family: Helvetica; color: #2b2b2b;\">Podemos imaginarla con met\u00e1foras, tratar de explicarla confusamente, pero no tenemos herramientas cognitivas y cognoscitivas para penetrar su realidad.<\/span><\/p>\n<p style=\"background: white; vertical-align: baseline; margin: 0cm 0cm 6.0pt 0cm;\"><span lang=\"ES-TRAD\" style=\"font-family: Helvetica; color: #2b2b2b;\">El alma (nefesh) no es esp\u00edritu ni se confunde con \u00e9l. El alma (nefesh) no tiene adicci\u00f3n al esp\u00edritu (nesham\u00e1), pero su sentido est\u00e1 en este mundo. <\/span><\/p>\n<p style=\"background: white; vertical-align: baseline; margin: 0cm 0cm 6.0pt 0cm;\"><span lang=\"ES-TRAD\" style=\"font-family: Helvetica; color: #2b2b2b;\">Una de las maneras tradicionales de comprender el nefesh (alma) es entenderla como \u201cenerg\u00eda vital\u201d, aquella fuerza que nos impulsa a mantener con vida en este mundo, para este mundo. Se nutre con materia y energ\u00eda, la que proviene de nuestros alimentos. Si no comemos una dieta saludable, nuestra alma se resiente. Precisa de luz, ejercicio f\u00edsico, reposo, cuidados corporales, abrigo, medicamentos, suplementos nutricionales, dormir; es decir, lo que cualquier profesor de Biolog\u00eda nos puede indicar y el m\u00e9dico recetar para llevar una calidad de vida adecuada.<\/span><\/p>\n<p style=\"background: white; vertical-align: baseline; margin: 0cm 0cm 6.0pt 0cm;\"><span lang=\"ES-TRAD\" style=\"font-family: Helvetica; color: #2b2b2b;\">Si nuestra br\u00fajula \u00e9tica\/espiritual, que proviene de la nesham\u00e1, est\u00e1 desorient\u00e1ndose, probablemente afecte a nuestro nefesh, pero no en un plano m\u00edstico, ni por cuestiones metaf\u00edsicas o de \u00edndole espiritual. Ser\u00e1 afectada porque viviremos estresados, amargados, angustiados, mintiendo, robando, delinquiendo, consumiendo drogas, en relaciones con personas t\u00f3xicas, en fin, todo lo que nos puede maltratar por no seguir la senda de la \u00e9tica\/esp\u00edritu.<\/span><\/p>\n<p style=\"background: white; vertical-align: baseline; margin: 0cm 0cm 6.0pt 0cm;\"><span lang=\"ES-TRAD\" style=\"font-family: Helvetica; color: #2b2b2b;\">Pero no ser\u00e1 el esp\u00edritu el que se afecte si se afectara el alma, aunque puede que el alma se vea afectada si deso\u00edmos la gu\u00eda silenciosa y poderosa del esp\u00edritu.<\/span><\/p>\n<p style=\"background: white; vertical-align: baseline; margin: 0cm 0cm 6.0pt 0cm;\"><span lang=\"ES-TRAD\" style=\"font-family: Helvetica; color: #2b2b2b;\">El nefesh no tiene conciencia ni predisposici\u00f3n por la nesham\u00e1. El nefesh alimentar\u00e1 con su energ\u00eda vital otras \u00e1reas de nuestro ser para posibilitarte tomar conocimiento y conciencia de la necesidad de una vida \u00e9tica\/espiritual, no por una voluntad sobrenatural, sino por el sencillo procedimiento de brindar energ\u00eda a nuestras c\u00e9lulas para que realicen los procesos que habilitan el pensamiento, el cual llega a conectar de manera despierta con la conciencia espiritual. <\/span><\/p>\n<p style=\"background: white; vertical-align: baseline; margin: 0cm 0cm 6.0pt 0cm;\"><span lang=\"ES-TRAD\" style=\"font-family: Helvetica; color: #2b2b2b;\">Todo nuestro ser depende de la nesham\u00e1, tanto como del nefesh. Los animales siguen su vida sin ser nesham\u00e1, y hasta tuvimos antepasados y contempor\u00e1neos antiguos, id\u00e9nticos a la especie de Adam en cultura y obras, pero que carec\u00edan de nesham\u00e1.<\/span><\/p>\n<p style=\"background: white; vertical-align: baseline; margin: 0cm 0cm 6.0pt 0cm;\"><span lang=\"ES-TRAD\" style=\"font-family: Helvetica; color: #2b2b2b;\">El d\u00eda que el nefesh se desprende de nuestro organismo, ese d\u00eda pasamos a ser solamente nesham\u00e1, un difunto para este mundo. Cuidemos mucho nuestra nefesh, porque es la que posibilita que la nesham\u00e1 tenga una presencia material en este mundo, para ejercer la tarea sagrada que Dios nos ha encomendado.<\/span><\/p>\n<p style=\"background: white; vertical-align: baseline; margin: 0cm 0cm 6.0pt 0cm;\"><span lang=\"ES-TRAD\" style=\"font-family: Helvetica; color: #2b2b2b;\">No cuidamos nuestra alma con estudio inspirados, ni con palabras filos\u00f3ficas, ni con resoluciones legales, sino simplemente llevando una vida ecol\u00f3gica, armoniosa, vital. Y si contamos con la gu\u00eda activa de la nesham\u00e1 y tenemos en cuanta su sentido \u00e9tico\/espiritual, entonces el nefesh podr\u00e1 defenderse de muchos inconvenientes y malestares. Hagamos las cosas razonables para llevar una vida saludable. No precisamos de maestros espirituales para ello, la ciencia y la experiencia nos dan las grandes l\u00edneas de conducta.<\/span><\/p>\n<p style=\"background: white; vertical-align: baseline; margin: 0cm 0cm 6.0pt 0cm;\"><span lang=\"ES-TRAD\" style=\"font-family: Helvetica; color: #2b2b2b;\">A\u00f1adamos la gu\u00eda \u00e9tica de las mitzvot, aquellas que Dios nos ha dado, para armonizar el nefesh con la nesham\u00e1. Hay siete que corresponden para los hijos de las naciones (Leyes No\u00e1jidas) y para el jud\u00edo, aquellas que sean apropiadas para cada uno, de las 613 que provienen de la Tor\u00e1.<\/span><\/p>\n<p style=\"background: white; vertical-align: baseline; margin: 0cm 0cm 6.0pt 0cm;\"><span lang=\"ES-TRAD\" style=\"font-family: Helvetica; color: #2b2b2b;\">Fuente: Ser judio.<\/span><\/p>\n","protected":false},"excerpt":{"rendered":"<p>El alma (nefesh) no debe ser confundida con el esp\u00edritu (nesham\u00e1). La nesham\u00e1 es nuestra identidad espiritual, el yo esencial, la chispa Divina que contenemos mientras estamos aqu\u00ed. La nesham\u00e1 no depende de nuestras acciones, ni de nuestras creencias o voluntad, ni se ve afectada por nuestros pecados o incordios. Su existencia depende pura y &#8230; <a title=\"ALMA Y ESP\u00cdRITU EN EL JUDA\u00cdSMO\" class=\"read-more\" href=\"http:\/\/sefarad-asturias.org\/blog\/alma-y-espiritu-en-el-judaismo\/\" aria-label=\"Leer m\u00e1s sobre ALMA Y ESP\u00cdRITU EN EL JUDA\u00cdSMO\">Leer m\u00e1s<\/a><\/p>\n","protected":false},"author":2,"featured_media":0,"comment_status":"closed","ping_status":"closed","sticky":false,"template":"","format":"standard","meta":{"footnotes":""},"categories":[58],"tags":[],"class_list":["post-962","post","type-post","status-publish","format-standard","hentry","category-judios"],"_links":{"self":[{"href":"http:\/\/sefarad-asturias.org\/blog\/wp-json\/wp\/v2\/posts\/962","targetHints":{"allow":["GET"]}}],"collection":[{"href":"http:\/\/sefarad-asturias.org\/blog\/wp-json\/wp\/v2\/posts"}],"about":[{"href":"http:\/\/sefarad-asturias.org\/blog\/wp-json\/wp\/v2\/types\/post"}],"author":[{"embeddable":true,"href":"http:\/\/sefarad-asturias.org\/blog\/wp-json\/wp\/v2\/users\/2"}],"replies":[{"embeddable":true,"href":"http:\/\/sefarad-asturias.org\/blog\/wp-json\/wp\/v2\/comments?post=962"}],"version-history":[{"count":0,"href":"http:\/\/sefarad-asturias.org\/blog\/wp-json\/wp\/v2\/posts\/962\/revisions"}],"wp:attachment":[{"href":"http:\/\/sefarad-asturias.org\/blog\/wp-json\/wp\/v2\/media?parent=962"}],"wp:term":[{"taxonomy":"category","embeddable":true,"href":"http:\/\/sefarad-asturias.org\/blog\/wp-json\/wp\/v2\/categories?post=962"},{"taxonomy":"post_tag","embeddable":true,"href":"http:\/\/sefarad-asturias.org\/blog\/wp-json\/wp\/v2\/tags?post=962"}],"curies":[{"name":"wp","href":"https:\/\/api.w.org\/{rel}","templated":true}]}}