{"id":904,"date":"2018-01-09T14:32:33","date_gmt":"2018-01-09T14:32:33","guid":{"rendered":"http:\/\/sefarad-asturias.org\/blog\/?p=904"},"modified":"2020-08-03T21:16:16","modified_gmt":"2020-08-03T21:16:16","slug":"judia-y-orgullosa-de-serlo","status":"publish","type":"post","link":"http:\/\/sefarad-asturias.org\/blog\/judia-y-orgullosa-de-serlo\/","title":{"rendered":"\u00a1Jud\u00eda y orgullosa de serlo!"},"content":{"rendered":"<div class=\"gmail_default\"><\/div>\n<div class=\"gmail_default\">Hoy, como cada d\u00eda lo afirmo y lo grito a los cuatro vientos..<br \/>\nSoy jud\u00eda y estoy orgullosa de serlo, por pertenecer a un pueblo que dio al mundo valores \u00fanicos:<br \/>\nLa creencia en un solo Dios y \u00fanico.<br \/>\nEl cuerpo como envase del alma.<br \/>\nEl Shabat, como d\u00eda de descanso.<br \/>\nEl cuidado y respeto por la naturaleza.<br \/>\nLo material como un medio para elevar lo espiritual.<br \/>\nEl amor al pr\u00f3jimo, a pesar de las diferencias.<br \/>\nLa tzedak\u00e1, que es mucho m\u00e1s que caridad.<br \/>\nEl poderoso concepto de Tikun Ol\u00e1m, mejorar el pedacito de mundo que me toca vivir.<br \/>\nEl respeto a los mayores.<br \/>\nEl valor del estudio, como el capital m\u00e1s importante.<\/div>\n<div class=\"gmail_default\">En el juda\u00edsmo hay tantas formas de serlo como judios: est\u00e1n los sionistas, los observantes, los conservadores, los jas\u00eddicos, los que viven en Israel, los que viven en la di\u00e1spora. Sin embargo, un sentimiento de amor fraternal nos mantiene unido.<br \/>\nCuando alg\u00fan judio es repudiado por serlo, yo me siento repudiada.<br \/>\nCuando Israel es atacada en su territorio, yo me siento atacada.<br \/>\nCuando boicotean productos israel\u00edes, yo me siento boicoteada.<br \/>\nCuando profanan cementerios judios, yo me siento profanada.<br \/>\nCuando asesinan a un judio, yo me levanto y pido justicia.<br \/>\nPorque no importa nuestras diferencias, ni lo lejos que nos sintamos unos de los otros.<br \/>\nGritemos hoy y cada d\u00eda que somos jud\u00edos y estamos orgullosos de serlo!<\/div>\n","protected":false},"excerpt":{"rendered":"<p>Hoy, como cada d\u00eda lo afirmo y lo grito a los cuatro vientos.. Soy jud\u00eda y estoy orgullosa de serlo, por pertenecer a un pueblo que dio al mundo valores \u00fanicos: La creencia en un solo Dios y \u00fanico. El cuerpo como envase del alma. El Shabat, como d\u00eda de descanso. El cuidado y respeto &#8230; <a title=\"\u00a1Jud\u00eda y orgullosa de serlo!\" class=\"read-more\" href=\"http:\/\/sefarad-asturias.org\/blog\/judia-y-orgullosa-de-serlo\/\" aria-label=\"Leer m\u00e1s sobre \u00a1Jud\u00eda y orgullosa de serlo!\">Leer m\u00e1s<\/a><\/p>\n","protected":false},"author":2,"featured_media":0,"comment_status":"closed","ping_status":"closed","sticky":false,"template":"","format":"standard","meta":{"footnotes":""},"categories":[13],"tags":[],"class_list":["post-904","post","type-post","status-publish","format-standard","hentry","category-filosofia-judia"],"_links":{"self":[{"href":"http:\/\/sefarad-asturias.org\/blog\/wp-json\/wp\/v2\/posts\/904","targetHints":{"allow":["GET"]}}],"collection":[{"href":"http:\/\/sefarad-asturias.org\/blog\/wp-json\/wp\/v2\/posts"}],"about":[{"href":"http:\/\/sefarad-asturias.org\/blog\/wp-json\/wp\/v2\/types\/post"}],"author":[{"embeddable":true,"href":"http:\/\/sefarad-asturias.org\/blog\/wp-json\/wp\/v2\/users\/2"}],"replies":[{"embeddable":true,"href":"http:\/\/sefarad-asturias.org\/blog\/wp-json\/wp\/v2\/comments?post=904"}],"version-history":[{"count":0,"href":"http:\/\/sefarad-asturias.org\/blog\/wp-json\/wp\/v2\/posts\/904\/revisions"}],"wp:attachment":[{"href":"http:\/\/sefarad-asturias.org\/blog\/wp-json\/wp\/v2\/media?parent=904"}],"wp:term":[{"taxonomy":"category","embeddable":true,"href":"http:\/\/sefarad-asturias.org\/blog\/wp-json\/wp\/v2\/categories?post=904"},{"taxonomy":"post_tag","embeddable":true,"href":"http:\/\/sefarad-asturias.org\/blog\/wp-json\/wp\/v2\/tags?post=904"}],"curies":[{"name":"wp","href":"https:\/\/api.w.org\/{rel}","templated":true}]}}