{"id":874,"date":"2020-07-23T16:24:10","date_gmt":"2020-07-23T16:24:10","guid":{"rendered":"http:\/\/sefarad-asturias.org\/blog\/?p=874"},"modified":"2021-05-30T08:53:50","modified_gmt":"2021-05-30T08:53:50","slug":"parashat-devarim-la-pregunta","status":"publish","type":"post","link":"http:\/\/sefarad-asturias.org\/blog\/parashat-devarim-la-pregunta\/","title":{"rendered":"PARASHAT DEVAR\u00cdM: La pregunta"},"content":{"rendered":"\n<p>Comenzamos esta semana un nuevo libro de la Tor\u00e1: Devarim- Deuteronomio. El \u00faltimo de un recorrido singular por el rollo de la Tor\u00e1, que termina y empieza al mismo momento. La ilusi\u00f3n de vivir linealmente nos hace entender que aqu\u00ed comienza alg\u00fan tipo de final, la conclusi\u00f3n de un proceso, una cierta resoluci\u00f3n a los problemas y desaf\u00edos que se fueron suscitando desde que la humanidad fue creada para este mundo. En espa\u00f1ol, deutero &#8211; segunda, nomio &#8211; ley; una segunda vuelta al relato, casi como anticipando que si no nos vamos a hacer cargo de relatar sin cesar nuestra historia, no habr\u00e1 memoria.<\/p>\n<p><a href=\"http:\/\/sefarad-asturias.org\/blog\/wp-content\/uploads\/2020\/07\/Devari\u0301m.jpg\"><img loading=\"lazy\" decoding=\"async\" class=\"size-thumbnail wp-image-877 aligncenter\" src=\"http:\/\/sefarad-asturias.org\/blog\/wp-content\/uploads\/2020\/07\/Devari\u0301m-150x150.jpg\" alt=\"\" width=\"150\" height=\"150\" \/><\/a><\/p>\n<p>La primera parash\u00e1 vuelve sobre los episodios ocurridos durante el desierto. Para entrar a la nueva tierra y al nuevo tiempo, hay que recordar las viejas historias.<\/p>\n<p>Es importante saber que esta parash\u00e1 se lee el Shabat anterior a Tish\u00e1 BeAv, el d\u00eda m\u00e1s triste y sombr\u00edo de nuestra historia- una y otra vez vuelven im\u00e1genes de destrucci\u00f3n, exilios, desaz\u00f3n y confusi\u00f3n en las que el pueblo de Israel vio amenazada su existencia.<\/p>\n<p>Parashat Devarim tambi\u00e9n esconde un mensaje que nos prepara para este d\u00eda. Y es aqu\u00ed donde hoy vamos a poner el acento en nuestro estudio.<\/p>\n<p>Mosh\u00e9 comienza un largo discurso en el que va a pasar por todas las situaciones vividas en la traves\u00eda por el desierto y va a recordar las leyes con las que van a vivir en la tierra de Israel. Al comienzo del primer cap\u00edtulo de Devarim recuerda el momento en el que le pide a Dios que lo ayude a liderar y gobernar sobre un pueblo tan numeroso. Fue all\u00ed que Dios le orden\u00f3 poner ancianos sabios que se erijan en jueces para que puedan acompa\u00f1ar a Mosh\u00e9 en su tarea. En ese relato o\u00edmos a Mosh\u00e9 decir<\/p>\n<p style=\"text-align: center;\">\u05d0\u05b5\u05d9\u05db\u05b8\u05d4 \u05d0\u05b6\u05e9\u05bc\u05c2\u05b8\u05d0, \u05dc\u05b0\u05d1\u05b7\u05d3\u05bc\u05b4\u05d9, \u05d8\u05b8\u05e8\u05b0\u05d7\u05b2\u05db\u05b6\u05dd \u05d5\u05bc\u05de\u05b7\u05e9\u05bc\u05c2\u05b7\u05d0\u05b2\u05db\u05b6\u05dd, \u05d5\u05b0\u05e8\u05b4\u05d9\u05d1\u05b0\u05db\u05b6\u05dd.<\/p>\n<p style=\"text-align: center;\"><em>\u00ab\u00a1C\u00f3mo podr\u00e9 yo solo soportar vuestra molestia, vuestra carga y vuestras peleas!\u00bb <\/em>Devar\u00edm &#8211; Deuteronomio 1:12<\/p>\n<p>La particularidad de este vers\u00edculo es la palabra con la que empieza: \u05d0\u05b5\u05d9\u05db\u05b8\u05d4, Eij\u00e1, que en su traducci\u00f3n literal alude a la pregunta \u201c\u00bfC\u00f3mo?, \u201c\u00bfDe qu\u00e9 manera? Pero para la tradici\u00f3n jud\u00eda esta palabra est\u00e1 directamente ligada a Tish\u00e1 BeAv, porque Eij\u00e1 es el nombre de la meguil\u00e1, del rollo que se lee en esa fecha, el libro de las Lamentaciones. Se llama Eij\u00e1, porque comienza as\u00ed:<\/p>\n<p style=\"text-align: center;\">\u05d0\u05b5\u05d9\u05db\u05b8\u05d4 \u05d9\u05b8\u05e9\u05c1\u05b0\u05d1\u05b8\u05d4 \u05d1\u05b8\u05d3\u05b8\u05d3, \u05d4\u05b8\u05e2\u05b4\u05d9\u05e8 \u05e8\u05b7\u05d1\u05bc\u05b8\u05ea\u05b4\u05d9 \u05e2\u05b8\u05dd&#8211;\u05d4\u05b8\u05d9\u05b0\u05ea\u05b8\u05d4, \u05db\u05bc\u05b0\u05d0\u05b7\u05dc\u05b0\u05de\u05b8\u05e0\u05b8\u05d4; \u05e8\u05b7\u05d1\u05bc\u05b8\u05ea\u05b4\u05d9 \u05d1\u05b7\u05d2\u05bc\u05d5\u05b9\u05d9\u05b4\u05dd, \u05e9\u05c2\u05b8\u05e8\u05b8\u05ea\u05b4\u05d9 \u05d1\u05bc\u05b7\u05de\u05bc\u05b0\u05d3\u05b4\u05d9\u05e0\u05d5\u05b9\u05ea&#8211;\u05d4\u05b8\u05d9\u05b0\u05ea\u05b8\u05d4, \u05dc\u05b8\u05de\u05b7\u05e1<\/p>\n<p style=\"text-align: center;\"><em>\u201c\u00a1C\u00f3mo (Eij\u00e1) ha quedado desolada la ciudad de muchos habitantes\u2026!\u201d \u00a0<\/em>Eij\u00e1 &#8211; Lamentaciones 1:1<\/p>\n<p>La palabra Eij\u00e1 pas\u00f3 a ser un concepto que remite a dolor, a pregunta sin respuesta: \u00bfC\u00f3mo pudo ser, c\u00f3mo llegamos a esto? Buscamos en toda la Biblia hebrea y encontramos la palabra Eij\u00e1 s\u00f3lo tres veces: en Devar\u00edm- \u00a0Deuteronomio, en Ishaiahu &#8211; Isa\u00edas y en Eij\u00e1 &#8211; Lamentaciones.<\/p>\n<p>\u00bfEn qu\u00e9 contexto el profeta Ishaiahu utiliza este t\u00e9rmino?<\/p>\n<p style=\"text-align: center;\">\u05d0\u05b5\u05d9\u05db\u05b8\u05d4 \u05d4\u05b8\u05d9\u05b0\u05ea\u05b8\u05d4 \u05dc\u05b0\u05d6\u05d5\u05b9\u05e0\u05b8\u05d4, \u05e7\u05b4\u05e8\u05b0\u05d9\u05b8\u05d4 \u05e0\u05b6\u05d0\u05b1\u05de\u05b8\u05e0\u05b8\u05d4&#8230;<\/p>\n<p style=\"text-align: center;\"><em>\u201c\u00a1C\u00f3mo se ha prostituido la ciudad fiel\u2026!\u201d\u00a0 <\/em>Ieshaiahu &#8211; Isa\u00edas 1:21<\/p>\n<p>El profeta reprende al pueblo de Israel:<\/p>\n<p><em>\u201c1:11 \u00bfPara qu\u00e9 a m\u00ed, dice Adonai la multitud de vuestros sacrificios? Harto estoy de holocaustos de carneros, y de sebo de animales gruesos: no quiero sangre de bueyes, ni de ovejas, ni de machos cabr\u00edos.<br \/>\n1:12 \u00bfQui\u00e9n demand\u00f3 esto de vuestras manos, cuando vinieseis a presentaros delante de m\u00ed, para hollar mis atrios?<br \/>\n1:13 No me traig\u00e1is m\u00e1s vano presente: el perfume me es abominaci\u00f3n: luna nueva y s\u00e1bado, el convocar asambleas, no las puedo sufrir: son iniquidad vuestras solemnidades&#8230;<br \/>\n1:16 Lavad, limpiaos; quitad la iniquidad de vuestras obras de ante mis ojos; dejad de hacer lo malo:<br \/>\n<strong>1:17 Aprended a hacer bien: buscad juicio, restituid al agraviado, o\u00edd en derecho al hu\u00e9rfano, amparad a la viuda.\u201d<\/strong><\/em><\/p>\n<p>El servicio a Dios vac\u00edo de sentido y precedido por actos poco \u00e9ticos, el ritual por el ritual mismo sin que se vea reflejado en una actitud comprometida hacia el pr\u00f3jimo, la mirada puesta s\u00f3lo en el cielo sin importar lo que pase en la tierra, a eso se lo llama prostituirse, y \u00e9se fue el error del pueblo de Israel denunciado por muchos de nuestros profetas.<\/p>\n<p>\u00bfA d\u00f3nde llegamos con todo esto?<\/p>\n<p>Mosh\u00e9 alude a las peleas entre hermanos y la imposibilidad de resolverlas solo. Ishaiahu denuncia la prostituci\u00f3n de un pueblo que elige las apariencias del culto sobre la conducta \u00e9tica y en Meguilat Eij\u00e1, la descripci\u00f3n de Ierushalaim desolada por la destrucci\u00f3n del Templo y el exilio de sus habitantes.<\/p>\n<p>\u00c9ste es un primer mensaje que nos prepara en estos d\u00edas del mes de Av para pensarnos y repensarnos una y otra vez, respecto de la historia que pas\u00f3 y de la que estamos escribiendo nosotros hoy en todas las dimensiones, sociales y personales.<\/p>\n<p>Cuando no frenamos la contienda por lo cotidiano y no reparamos en las heridas que abrimos; cuando no podemos mirar m\u00e1s all\u00e1 de nuestras conveniencias y apetencias, cuando no trabajamos en sanar los abismos y reparar los conflictos, \u201cparimos\u201d generaciones que se educan en vivir en el \u201ccomo si&#8230;\u201d, desligados de un compromiso de sentido y trascendencia, ausentes del valor de la verdad. Son los que crean- creamos desigualdad social, inequidad e indiferencia, al mismo tiempo. Son las escenas cotidianas de chicos muertos de hambre y bolsillos y arcas llenas, por el otro, casi casi sin que le moleste a nadie&#8230;<\/p>\n<p>Mosh\u00e9 e Ishaiahu alertaron, lucharon y se murieron denunci\u00e1ndolo, pero no lo hemos aprendido cabalmente. Por eso llega el \u00faltimo Eij\u00e1 cuando todo termin\u00f3. La casa incendiada, la tierra desolada, y los hermanos exiliados de su tierra de promesa. Y ya fue tarde para decretar el duelo. Por generaciones fuimos advertidos que las peque\u00f1as heridas hay que sanarlas antes de que se transformen en enfermedades terminales.<\/p>\n<p>As\u00ed nos pasa en nuestras familias. Recordemos cu\u00e1ntas situaciones se nos fueron de la mano hasta el desagarro por no haber tenido el coraje- o la humildad- de decir \u201clo siento\u201d.<\/p>\n<p>Y as\u00ed nos pasa en la sociedad de la que somos no s\u00f3lo meros espectadores, sino sus protagonistas por acci\u00f3n y omisi\u00f3n. Como un p\u00e9ndulo que oscila entre abundancias y carencias, entre escenarios y bambalinas, nos pasamos hablando de realidades parciales que se nos hacen c\u00f3modas cuando nos miramos s\u00f3lo el ombligo.<\/p>\n<p>Entonces el tercer Eij\u00e1 en esta sucesi\u00f3n, se hace inevitable. Nadie puede escaparse de la destrucci\u00f3n, la desolaci\u00f3n y el exilio, cuando hay partes de tu casa, de tu familia o de tu sociedad que est\u00e1n sufriendo. Nadie se salva solo.<\/p>\n<p>Pero estas cuatro letras de la palabra Eij\u00e1 nos traen un \u00faltimo misterio:<\/p>\n<p>Cuando Adam y Jav\u00e1 desobedecen la orden de Dios de no comer del \u00e1rbol del conocimiento del bien y del mal en el Jard\u00edn del Ed\u00e9n, se esconden al percibir la presencia de Dios. Es all\u00ed que Dios les hace la pregunta m\u00e1s dif\u00edcil de toda la historia de la humanidad:<\/p>\n<p style=\"text-align: center;\">\u05d5\u05b7\u05d9\u05bc\u05b4\u05e7\u05b0\u05e8\u05b8\u05d0 \u05d9\u05b0\u05d4\u05d5\u05b8\u05d4 \u05d0\u05b1\u05dc\u05b9\u05d4\u05b4\u05d9\u05dd, \u05d0\u05b6\u05dc-\u05d4\u05b8\u05d0\u05b8\u05d3\u05b8\u05dd; \u05d5\u05b7\u05d9\u05bc\u05b9\u05d0\u05de\u05b6\u05e8 \u05dc\u05d5\u05b9, \u05d0\u05b7\u05d9\u05bc\u05b6\u05db\u05bc\u05b8\u05d4.<\/p>\n<p style=\"text-align: center;\"><em>\u201cY llam\u00f3 Adonai Elohim a Adam y le dijo: \u00bfAieka? \u00bfD\u00f3nde est\u00e1s<\/em><em>?\u201d B<\/em>ereshit &#8211; G\u00e9nesis 3:9<\/p>\n<p>\u00a1Aieka y Eij\u00e1, en hebreo se escriben con las mismas letras!<\/p>\n<p>La pregunta \u201cEij\u00e1\u201d, \u00bfC\u00f3mo sucede esto?, es consecuencia de no haber podido nunca responder aquella primera pregunta \u201cAieka\u201d, \u00bfD\u00f3nde est\u00e1s?<\/p>\n<p>\u00bfD\u00f3nde estamos, cuando nos necesitan? \u00bfD\u00f3nde estamos cuando tenemos que dar la cara? \u00bfD\u00f3nde estamos cuando debemos reconocer nuestros errores? \u00bfD\u00f3nde estamos cuando tenemos que asumir nuestras responsabilidades?<\/p>\n<p>En unos d\u00edas volveremos a leer el libro de las Lamentaciones &#8211; Meguilat Eij\u00e1, sumidos por el recuerdo oscuro de aquella destrucci\u00f3n. En d\u00edas particulares de aislamiento y pandemia, las emociones ligadas al miedo y la confusi\u00f3n se hacen m\u00e1s v\u00edvidas.<\/p>\n<p>Y la pregunta vuelve: Aieka. \u00bfD\u00f3nde estamos? Aprendimos de Adam, que no sirve ocultarnos. Aprendimos de Ierushalaim, que una y otra vez podremos reconstruirnos.<\/p>\n<p>Que cada dolor nos d\u00e9 fortaleza para seguir aprendiendo y eligiendo la vida y el bienestar de todos.<\/p>\n<p>Shabat Shalom,<\/p>\n<p>Rabina Silvina Chemen.<\/p>\n","protected":false},"excerpt":{"rendered":"<p>Comenzamos esta semana un nuevo libro de la Tor\u00e1: Devarim- Deuteronomio. El \u00faltimo de un recorrido singular por el rollo de la Tor\u00e1, que termina y empieza al mismo momento. La ilusi\u00f3n de vivir linealmente nos hace entender que aqu\u00ed comienza alg\u00fan tipo de final, la conclusi\u00f3n de un proceso, una cierta resoluci\u00f3n a los &#8230; <a title=\"PARASHAT DEVAR\u00cdM: La pregunta\" class=\"read-more\" href=\"http:\/\/sefarad-asturias.org\/blog\/parashat-devarim-la-pregunta\/\" aria-label=\"Leer m\u00e1s sobre PARASHAT DEVAR\u00cdM: La pregunta\">Leer m\u00e1s<\/a><\/p>\n","protected":false},"author":2,"featured_media":0,"comment_status":"closed","ping_status":"closed","sticky":false,"template":"","format":"standard","meta":{"footnotes":""},"categories":[19],"tags":[66],"class_list":["post-874","post","type-post","status-publish","format-standard","hentry","category-parashat-hashavua","tag-devarim"],"_links":{"self":[{"href":"http:\/\/sefarad-asturias.org\/blog\/wp-json\/wp\/v2\/posts\/874","targetHints":{"allow":["GET"]}}],"collection":[{"href":"http:\/\/sefarad-asturias.org\/blog\/wp-json\/wp\/v2\/posts"}],"about":[{"href":"http:\/\/sefarad-asturias.org\/blog\/wp-json\/wp\/v2\/types\/post"}],"author":[{"embeddable":true,"href":"http:\/\/sefarad-asturias.org\/blog\/wp-json\/wp\/v2\/users\/2"}],"replies":[{"embeddable":true,"href":"http:\/\/sefarad-asturias.org\/blog\/wp-json\/wp\/v2\/comments?post=874"}],"version-history":[{"count":0,"href":"http:\/\/sefarad-asturias.org\/blog\/wp-json\/wp\/v2\/posts\/874\/revisions"}],"wp:attachment":[{"href":"http:\/\/sefarad-asturias.org\/blog\/wp-json\/wp\/v2\/media?parent=874"}],"wp:term":[{"taxonomy":"category","embeddable":true,"href":"http:\/\/sefarad-asturias.org\/blog\/wp-json\/wp\/v2\/categories?post=874"},{"taxonomy":"post_tag","embeddable":true,"href":"http:\/\/sefarad-asturias.org\/blog\/wp-json\/wp\/v2\/tags?post=874"}],"curies":[{"name":"wp","href":"https:\/\/api.w.org\/{rel}","templated":true}]}}