{"id":385,"date":"2014-05-15T08:09:07","date_gmt":"2014-05-15T08:09:07","guid":{"rendered":"http:\/\/sefarad-asturias.org\/blog\/?p=385"},"modified":"2020-08-03T21:26:20","modified_gmt":"2020-08-03T21:26:20","slug":"mi-querido-mijael-de-amos-oz","status":"publish","type":"post","link":"http:\/\/sefarad-asturias.org\/blog\/mi-querido-mijael-de-amos-oz\/","title":{"rendered":"\u201cMi querido Mijael\u201d de Amos Oz"},"content":{"rendered":"\n<p>\u00ab<em>Escribo porque las personas a las que amaba han muerto. Escribo porque cuando era ni\u00f1a ten\u00eda una gran capacidad de amar y ahora esa capacidad de amar est\u00e1 muriendo. No quiero mori<\/em>r.\u00bb As\u00ed comienza el relato en primera persona de Jana, la historia de un matrimonio y de su ruptura. La que ha sido definida como una moderna <strong>Madame Bovary israel\u00ed<\/strong> es una estudiante de literatura hebrea.<br \/>\nEn la universidad conoci\u00f3 a un ge\u00f3logo, Mijael Gonen, se cas\u00f3 con \u00e9l y, poco a poco, una enrarecida distancia se abri\u00f3 paso entre los dos.<br \/>\n<a href=\"http:\/\/sefarad-asturias.org\/wp\/wp-content\/uploads\/2014\/05\/Mi-querido-Mijael.jpg\"><img loading=\"lazy\" decoding=\"async\" class=\"aligncenter wp-image-1078\" src=\"http:\/\/sefarad-asturias.org\/wp\/wp-content\/uploads\/2014\/05\/Mi-querido-Mijael.jpg\" sizes=\"auto, (max-width: 924px) 100vw, 924px\" srcset=\"http:\/\/sefarad-asturias.org\/wp\/wp-content\/uploads\/2014\/05\/Mi-querido-Mijael.jpg 924w, http:\/\/sefarad-asturias.org\/wp\/wp-content\/uploads\/2014\/05\/Mi-querido-Mijael-195x300.jpg 195w, http:\/\/sefarad-asturias.org\/wp\/wp-content\/uploads\/2014\/05\/Mi-querido-Mijael-666x1024.jpg 666w\" alt=\"&quot;Mi querido Mijael&quot;\" width=\"187\" height=\"287\" \/><\/a>La narraci\u00f3n, muy femenina, de Amos Oz avanza con estilo breve, cotidiano, y sondea los pensamientos m\u00e1s ocultos y las emociones m\u00e1s profundas en la confesi\u00f3n de la protagonista.<br \/>\nCon rara habilidad, el autor logra captar los m\u00ednimos matices del car\u00e1cter y del sentimiento, saca a la luz, con lucidez y delicadeza, los motivos de la frustraci\u00f3n y del sufrimiento, y llega al origen del progresivo encerrarse de Jana en un mundo trepidante de maravillosas aventuras imaginarias, fantas\u00edas sexuales y terribles pesadillas, en el cual \u00absu\u00bb querido y tranquilo Mijael nunca lograr\u00e1 penetrar.<br \/>\nComo tel\u00f3n de fondo de esta magn\u00edfica novela psicol\u00f3gica, la silueta de una ciudad, Jerusal\u00e9m, en los a\u00f1os cincuenta, sobre la que aletea el espectro de la guerra.<\/p>\n","protected":false},"excerpt":{"rendered":"<p>\u00abEscribo porque las personas a las que amaba han muerto. Escribo porque cuando era ni\u00f1a ten\u00eda una gran capacidad de amar y ahora esa capacidad de amar est\u00e1 muriendo. No quiero morir.\u00bb As\u00ed comienza el relato en primera persona de Jana, la historia de un matrimonio y de su ruptura. La que ha sido definida &#8230; <a title=\"\u201cMi querido Mijael\u201d de Amos Oz\" class=\"read-more\" href=\"http:\/\/sefarad-asturias.org\/blog\/mi-querido-mijael-de-amos-oz\/\" aria-label=\"Leer m\u00e1s sobre \u201cMi querido Mijael\u201d de Amos Oz\">Leer m\u00e1s<\/a><\/p>\n","protected":false},"author":2,"featured_media":0,"comment_status":"closed","ping_status":"closed","sticky":false,"template":"","format":"standard","meta":{"footnotes":""},"categories":[18],"tags":[],"class_list":["post-385","post","type-post","status-publish","format-standard","hentry","category-literatura-judia"],"_links":{"self":[{"href":"http:\/\/sefarad-asturias.org\/blog\/wp-json\/wp\/v2\/posts\/385","targetHints":{"allow":["GET"]}}],"collection":[{"href":"http:\/\/sefarad-asturias.org\/blog\/wp-json\/wp\/v2\/posts"}],"about":[{"href":"http:\/\/sefarad-asturias.org\/blog\/wp-json\/wp\/v2\/types\/post"}],"author":[{"embeddable":true,"href":"http:\/\/sefarad-asturias.org\/blog\/wp-json\/wp\/v2\/users\/2"}],"replies":[{"embeddable":true,"href":"http:\/\/sefarad-asturias.org\/blog\/wp-json\/wp\/v2\/comments?post=385"}],"version-history":[{"count":0,"href":"http:\/\/sefarad-asturias.org\/blog\/wp-json\/wp\/v2\/posts\/385\/revisions"}],"wp:attachment":[{"href":"http:\/\/sefarad-asturias.org\/blog\/wp-json\/wp\/v2\/media?parent=385"}],"wp:term":[{"taxonomy":"category","embeddable":true,"href":"http:\/\/sefarad-asturias.org\/blog\/wp-json\/wp\/v2\/categories?post=385"},{"taxonomy":"post_tag","embeddable":true,"href":"http:\/\/sefarad-asturias.org\/blog\/wp-json\/wp\/v2\/tags?post=385"}],"curies":[{"name":"wp","href":"https:\/\/api.w.org\/{rel}","templated":true}]}}