{"id":3263,"date":"2023-10-13T11:57:26","date_gmt":"2023-10-13T11:57:26","guid":{"rendered":"http:\/\/sefarad-asturias.org\/blog\/?p=3263"},"modified":"2025-04-27T09:57:24","modified_gmt":"2025-04-27T09:57:24","slug":"parashat-bereshit-de-que-comienzo-podemos-hablar","status":"publish","type":"post","link":"http:\/\/sefarad-asturias.org\/blog\/parashat-bereshit-de-que-comienzo-podemos-hablar\/","title":{"rendered":"PARASHAT BERESHIT 2023: \u00bfDe qu\u00e9 comienzo podemos hablar?"},"content":{"rendered":"\n<p><a href=\"http:\/\/sefarad-asturias.org\/blog\/wp-content\/uploads\/2023\/10\/Bereshit.jpg\"><img loading=\"lazy\" decoding=\"async\" class=\"size-medium wp-image-3264 aligncenter\" src=\"http:\/\/sefarad-asturias.org\/blog\/wp-content\/uploads\/2023\/10\/Bereshit-300x199.jpg\" alt=\"\" width=\"300\" height=\"199\" srcset=\"http:\/\/sefarad-asturias.org\/blog\/wp-content\/uploads\/2023\/10\/Bereshit-300x199.jpg 300w, http:\/\/sefarad-asturias.org\/blog\/wp-content\/uploads\/2023\/10\/Bereshit-768x510.jpg 768w, http:\/\/sefarad-asturias.org\/blog\/wp-content\/uploads\/2023\/10\/Bereshit.jpg 1024w\" sizes=\"auto, (max-width: 300px) 100vw, 300px\" \/><\/a><\/p>\n<p>Intento encontrar palabras para honrar el comienzo de un nuevo ciclo de lectura de la Tor\u00e1. Pero no las hay.<\/p>\n<p>Simjat Tor\u00e1- la supuesta alegr\u00eda de la Tor\u00e1, marc\u00f3 el comienzo de una p\u00e1gina de indecible angustia, dolor y desgarro en la memoria de nuestro pueblo.<\/p>\n<p>Buscar analog\u00edas en el texto b\u00edblico ser\u00eda intentar comprender lo que ninguna mente humana est\u00e1 preparada para elaborar.<\/p>\n<p>No hay elaboraci\u00f3n frente al terror.<\/p>\n<p>Ni po\u00e9tica.<\/p>\n<p>Ni est\u00e9tica.<\/p>\n<p>Ni hermen\u00e9utica.<\/p>\n<p>Todo comenz\u00f3 en el rollo de la Tor\u00e1 en el mismo momento en el que todo sucumbi\u00f3 en la oscuridad m\u00e1s brutal de la condici\u00f3n humana.<\/p>\n<p>Siento casi un sacrilegio al hablar del Dios creador, en las im\u00e1genes de la destrucci\u00f3n, la muerte, la vejaci\u00f3n y la sa\u00f1a ilimitada, en su nombre.<\/p>\n<p>Experimento verg\u00fcenza al intentar explicar la imagen y semejanza en el relato de la creaci\u00f3n del ser humano, con las im\u00e1genes m\u00e1s devastadoras, del gozo y festejo sobre los asesinatos y violaciones.<\/p>\n<p>No puedo, ni debo hacer ninguna interpretaci\u00f3n del primer fratricidio de la humanidad. Nada es homologable ni explicable al pogrom que hemos sufrido.<\/p>\n<p>No me nace mencionar que Dios vio lo creado y dijo que era muy bueno. Lo que estamos viendo nosotros, y, a medida que pasan los d\u00edas, peor a\u00fan, son las im\u00e1genes de los secuestrados, la de los asesinados, las de los que no consiguieron sobrevivir a las heridas, los entierros masivos, los relatos, uno m\u00e1s estremecedor que el otro. No Se\u00f1or, nada es bueno.<\/p>\n<p>Las historias de la Tor\u00e1 acompa\u00f1an mi pesar.<\/p>\n<p>Nada ser\u00e1 bueno en su continuidad. La semana que viene leeremos c\u00f3mo la humanidad perecer\u00e1 bajo el agua del odio y la maldad. El plan era comenzar de nuevo. Y fall\u00f3.<\/p>\n<p>\u00bfCu\u00e1nto tiempo pasar\u00e1 para volver a emocionarse con la esperanza de un nuevo Bereshit- de un nuevo comienzo? No lo s\u00e9.<\/p>\n<p>Con el paso del tiempo tendremos un desaf\u00edo por delante; volver a encontrar sentidos a nuestras lecturas semanales.<\/p>\n<p>Hoy lo \u00fanico que tenemos que encontrar es consuelo.<\/p>\n<p>A quienes m\u00e1s necesitamos encontrar es a los desaparecidos y volver a abrazarnos con aquellos que a\u00fan est\u00e1n cautivos.<\/p>\n<p>Y caminar juntos este tiempo de desesperaci\u00f3n.<\/p>\n<p>De la muerte a reintentar la vida. Del horror a la esperanza. Del silencio a la denuncia. De la vulnerabilidad a la fortaleza.<\/p>\n<p>Bereshit- ha comenzado algo nuevo, inexplicablemente atroz.<\/p>\n<p>Quiera Dios que encontremos los caminos para caminar las palabras del rollo de la Tor\u00e1 que acaba de comenzar con la convicci\u00f3n de que en ellas hallaremos las respuestas que hoy tanto nos faltan.<\/p>\n<p>Que tengamos consuelo.<\/p>\n<h2 style=\"text-align: right;\">\u05d4&#8217; \u05e2\u05d5\u05d6 \u05dc\u05e2\u05de\u05d5 \u05d9\u05ea\u05df<\/h2>\n<p>Qu\u00e9 Adonai le d\u00e9 fortaleza a su pueblo.<\/p>\n<h2 style=\"text-align: right;\">\u05d4&#8217; \u05d9\u05d1\u05e8\u05da \u05d0\u05ea \u05e2\u05de\u05d5 \u05d1\u05e9\u05dc\u05d5\u05dd<\/h2>\n<p>Qu\u00e9 Adonai bendiga a su pueblo con la paz.<\/p>\n<p>Shabat lashalom<\/p>\n<p>Que sea \u00e9ste un Shabat que nos conduzca hacia algo de paz.<\/p>\n<p>Rabina Silvina Chemen<\/p>\n","protected":false},"excerpt":{"rendered":"<p>Intento encontrar palabras para honrar el comienzo de un nuevo ciclo de lectura de la Tor\u00e1. Pero no las hay. Simjat Tor\u00e1- la supuesta alegr\u00eda de la Tor\u00e1, marc\u00f3 el comienzo de una p\u00e1gina de indecible angustia, dolor y desgarro en la memoria de nuestro pueblo. Buscar analog\u00edas en el texto b\u00edblico ser\u00eda intentar comprender &#8230; <a title=\"PARASHAT BERESHIT 2023: \u00bfDe qu\u00e9 comienzo podemos hablar?\" class=\"read-more\" href=\"http:\/\/sefarad-asturias.org\/blog\/parashat-bereshit-de-que-comienzo-podemos-hablar\/\" aria-label=\"Leer m\u00e1s sobre PARASHAT BERESHIT 2023: \u00bfDe qu\u00e9 comienzo podemos hablar?\">Leer m\u00e1s<\/a><\/p>\n","protected":false},"author":2,"featured_media":0,"comment_status":"closed","ping_status":"closed","sticky":false,"template":"","format":"standard","meta":{"footnotes":""},"categories":[19],"tags":[196],"class_list":["post-3263","post","type-post","status-publish","format-standard","hentry","category-parashat-hashavua","tag-bereshit"],"_links":{"self":[{"href":"http:\/\/sefarad-asturias.org\/blog\/wp-json\/wp\/v2\/posts\/3263","targetHints":{"allow":["GET"]}}],"collection":[{"href":"http:\/\/sefarad-asturias.org\/blog\/wp-json\/wp\/v2\/posts"}],"about":[{"href":"http:\/\/sefarad-asturias.org\/blog\/wp-json\/wp\/v2\/types\/post"}],"author":[{"embeddable":true,"href":"http:\/\/sefarad-asturias.org\/blog\/wp-json\/wp\/v2\/users\/2"}],"replies":[{"embeddable":true,"href":"http:\/\/sefarad-asturias.org\/blog\/wp-json\/wp\/v2\/comments?post=3263"}],"version-history":[{"count":2,"href":"http:\/\/sefarad-asturias.org\/blog\/wp-json\/wp\/v2\/posts\/3263\/revisions"}],"predecessor-version":[{"id":3627,"href":"http:\/\/sefarad-asturias.org\/blog\/wp-json\/wp\/v2\/posts\/3263\/revisions\/3627"}],"wp:attachment":[{"href":"http:\/\/sefarad-asturias.org\/blog\/wp-json\/wp\/v2\/media?parent=3263"}],"wp:term":[{"taxonomy":"category","embeddable":true,"href":"http:\/\/sefarad-asturias.org\/blog\/wp-json\/wp\/v2\/categories?post=3263"},{"taxonomy":"post_tag","embeddable":true,"href":"http:\/\/sefarad-asturias.org\/blog\/wp-json\/wp\/v2\/tags?post=3263"}],"curies":[{"name":"wp","href":"https:\/\/api.w.org\/{rel}","templated":true}]}}