{"id":3232,"date":"2023-09-08T12:57:36","date_gmt":"2023-09-08T12:57:36","guid":{"rendered":"http:\/\/sefarad-asturias.org\/blog\/?p=3232"},"modified":"2023-09-08T12:57:36","modified_gmt":"2023-09-08T12:57:36","slug":"parashat-nitzavim-vaielej-reflexiones-en-el-final","status":"publish","type":"post","link":"http:\/\/sefarad-asturias.org\/blog\/parashat-nitzavim-vaielej-reflexiones-en-el-final\/","title":{"rendered":"Parashat Nitzavim-Vaielej: Reflexiones en el final"},"content":{"rendered":"\n<h3><a href=\"http:\/\/sefarad-asturias.org\/blog\/wp-content\/uploads\/2023\/09\/Nitzavim-2.jpg\"><img loading=\"lazy\" decoding=\"async\" class=\" wp-image-3233 aligncenter\" src=\"http:\/\/sefarad-asturias.org\/blog\/wp-content\/uploads\/2023\/09\/Nitzavim-2-300x300.jpg\" alt=\"\" width=\"202\" height=\"202\" srcset=\"http:\/\/sefarad-asturias.org\/blog\/wp-content\/uploads\/2023\/09\/Nitzavim-2-300x300.jpg 300w, http:\/\/sefarad-asturias.org\/blog\/wp-content\/uploads\/2023\/09\/Nitzavim-2-1024x1024.jpg 1024w, http:\/\/sefarad-asturias.org\/blog\/wp-content\/uploads\/2023\/09\/Nitzavim-2-150x150.jpg 150w, http:\/\/sefarad-asturias.org\/blog\/wp-content\/uploads\/2023\/09\/Nitzavim-2-768x768.jpg 768w, http:\/\/sefarad-asturias.org\/blog\/wp-content\/uploads\/2023\/09\/Nitzavim-2-1536x1536.jpg 1536w, http:\/\/sefarad-asturias.org\/blog\/wp-content\/uploads\/2023\/09\/Nitzavim-2-2048x2048.jpg 2048w\" sizes=\"auto, (max-width: 202px) 100vw, 202px\" \/><\/a><\/h3>\n<p>Estamos cerrando pr\u00e1cticamente el ciclo de lecturas anuales de la Tor\u00e1, as\u00ed como se est\u00e1 yendo el \u00faltimo Shabat del a\u00f1o. Son tiempos de reflexiones, soliloquios, cuentas pendientes, miradas interiores.<\/p>\n<p>La verdad es que tengo ganas de escribir poco y dejarnos un tiempo para pensarnos. S\u00f3lo comparto con Uds. algunas reflexiones \u201cen el final\u201d.<\/p>\n<p>Parashat Nitzavim (que significa \u201cfirmes\u201d) comienza as\u00ed: <em>\u00abTodos ustedes se encuentran hoy firmes ante Dios, su Dios, los jefes de sus tribus, los ancianos, los oficiales, todos los hombres de Israel; los ni\u00f1os, las mujeres, el extranjero que vive con ustedes; desde el le\u00f1ador hasta el aguatero\u00bb.<\/em> (Devar\u00edm 29:10-11)<\/p>\n<p>Luego Mosh\u00e9 advertir\u00e1 sobre el exilio y la desolaci\u00f3n de la tierra que ocurrir\u00e1 si el pueblo abandona las leyes. Y luego recuerda que, <strong>al final<\/strong>, <em>\u00abRetornar\u00e1s hacia Dios&#8230; Aunque tus desterrados est\u00e9n en el extremo del cielo, tambi\u00e9n de all\u00ed te reunir\u00e1 Dios&#8230; y te traer\u00e1 a la tierra que tus padres poseyeron\u00bb.<\/em> (Devar\u00edm 30:5)<\/p>\n<p>Esto nos hace pensar varias cosas a la hora de prepararnos para los Yam\u00edm Nora\u00edm que est\u00e1n aproxim\u00e1ndose:<\/p>\n<p>Estemos firmes, delante de la prueba que significa enfrentarnos con nuestras verdades y descubrimientos. Estemos erguidos y fortalecidos a la hora de traspasar la frontera de este a\u00f1o y aventurarnos hacia el tiempo de la promesa, aqu\u00e9l que nos prometemos a\u00f1o a a\u00f1o y que a veces nos resulta tan complejo poder cumplirlo.<\/p>\n<p>Estemos juntos, todos los que componen nuestro abanico de relaciones. Estemos con nuestros queridos, acerquemos a los que alejamos y quisi\u00e9ramos recuperarlos, estemos a\u00fan con quien no pensamos que podr\u00edamos haber querido estar\u2026 todos componen este mundo que se presente de igual a igual, ante el Creador a la hora de comenzar un nuevo tiempo, en estos d\u00edas de final de tiempo.<\/p>\n<p>Estemos preparados. Porque para muchos lo que est\u00e1n viviendo es el exilio, la injusticia, la desaz\u00f3n, la soledad. Pero sepamos que habremos de retornar a los sue\u00f1os que so\u00f1amos, al disfrute que anhelamos y nos asentaremos en la tierra que manar\u00e1 leche y miel, dulzura y nutrientes para nuestra vida.<\/p>\n<p>Vivamos estos d\u00edas previos a Yam\u00edm Nora\u00edm con expectativa y mucho trabajo del esp\u00edritu. No soslayemos la potencia de este tiempo. La posibilidad de hacernos tiempo.<\/p>\n<p>Como escrib\u00eda el poeta Iehuda Amijai:<\/p>\n<p><em>\u201cEl hombre en su vida no tiene tiempo de tener<\/em><em><br \/>\ntiempo para todo<br \/>\nY no tiene el tiempo de tener el tiempo para todo af\u00e1n<br \/>\nEl Eclesiast\u00e9s no tuvo raz\u00f3n cuando dijo aquello.<br \/>\nUn hombre tiene que odiar y amar a la vez:<br \/>\ncon los mismos ojos amar y con los mismos re\u00edrse,<br \/>\ncon la misma mano arrojar piedras y con las mismas recogerlas,<br \/>\nhacer el amor en la guerra y la guerra en el amor.<br \/>\nY aborrecer y perdonar y recodar y olvidar<br \/>\ny ordenar y confundir y comer y digerir<br \/>\nlo que una larga historia hace en much\u00edsimos a\u00f1os.<br \/>\nEl hombre en su vida no tiene tiempo<br \/>\ncuando pierde, busca<br \/>\ncuando encuentra, olvida<br \/>\ncuando olvida, ama<br \/>\ny cuando ama, comienza a olvidar\u00bb.<\/em><\/p>\n<p>As\u00ed Yehuda Amijai nos acompa\u00f1a con la belleza de su poes\u00eda a ingresar a esta \u00faltima parte de este a\u00f1o.<\/p>\n<p>Pas\u00f3 mucho tiempo, tuvimos muchos momentos para iniciar caminos y trazar metas<\/p>\n<p>de reflexi\u00f3n, de descubrimiento, de perd\u00f3n, de proyecto, de sabidur\u00eda, de humildad, de encuentro, de escucha, del respeto\u2026 pero qu\u00e9 extra\u00f1a sensaci\u00f3n, es la que se tiene todos los a\u00f1os; casi en el umbral del final, sentimos que necesitar\u00edamos m\u00e1s tiempo.<\/p>\n<p>Estamos por comenzar a finalizar este a\u00f1o y por dar el primer paso del nuevo a\u00f1o. Y quiz\u00e1s la tradici\u00f3n jud\u00eda sea sabia en esto. Porque nada termina ni se cierra, cuando uno abandona la linealidad y se anima a lo circular de un tiempo que termina y comienza, que nos contiene y no nos expele fuera del plano. Porque la intensidad de la vida se da cuando te animas a la tercera y la cuarta dimensi\u00f3n, cuando dejas de vivir en las coordenadas que marcan l\u00edmites para adentrarte en el misterio de un vivir m\u00e1s interesante.<\/p>\n<p>El calendario exacerba la conciencia de la finitud del tiempo. Como si fuera la conexi\u00f3n con nuestra propia finitud o nuestra propia limitaci\u00f3n. Quisi\u00e9ramos ser eternos o tener infinitas posibilidades y manejarlo a nuestro antojo. Pues, no.<\/p>\n<p>No hay puertas que se cierran, cuando el a\u00f1o termina, sino que muchas veces somos nosotros los que les damos la espalda. Siempre hay tiempo para abrir las puertas de la posibilidad cuando somos nosotros las que las cerramos.<\/p>\n<p>Para abrir las puertas de la libertad cuando muchas veces elegimos encerrarnos en nuestra propia prisi\u00f3n.<\/p>\n<p>Para abrir las puertas del encuentro cuando nosotros denodadamente dejamos a nuestros queridos afuera.<\/p>\n<p>Y muchas veces echamos la culpa al tiempo: no tengo tiempo de atender a todos los que me necesitan, el tiempo me corre, no me puedo detener en los detalles, no llego a cumplir con mis obligaciones y pretendes que me ocupe de lo que me da placer\u2026<\/p>\n<p>No cierres las puertas\u2026 no creas que el calendario se termina.<\/p>\n<p>Inv\u00edtate, prot\u00e9gete, cu\u00eddate, incl\u00fayete en tus espacios, y date tiempo para perder y buscar, encontrar y olvidar, y amar, amar, siempre con las puertas de par en par.<\/p>\n<p>Feliz final y comienzo del a\u00f1o.<\/p>\n<p>Shan\u00e1 tov\u00e1 umetuk\u00e1!!<\/p>\n<p>Shabat Shalom!<\/p>\n<p>Rabina Silvina Chemen<\/p>\n","protected":false},"excerpt":{"rendered":"<p>Estamos cerrando pr\u00e1cticamente el ciclo de lecturas anuales de la Tor\u00e1, as\u00ed como se est\u00e1 yendo el \u00faltimo Shabat del a\u00f1o. Son tiempos de reflexiones, soliloquios, cuentas pendientes, miradas interiores. La verdad es que tengo ganas de escribir poco y dejarnos un tiempo para pensarnos. S\u00f3lo comparto con Uds. algunas reflexiones \u201cen el final\u201d. Parashat &#8230; <a title=\"Parashat Nitzavim-Vaielej: Reflexiones en el final\" class=\"read-more\" href=\"http:\/\/sefarad-asturias.org\/blog\/parashat-nitzavim-vaielej-reflexiones-en-el-final\/\" aria-label=\"Leer m\u00e1s sobre Parashat Nitzavim-Vaielej: Reflexiones en el final\">Leer m\u00e1s<\/a><\/p>\n","protected":false},"author":2,"featured_media":0,"comment_status":"closed","ping_status":"closed","sticky":false,"template":"","format":"standard","meta":{"footnotes":""},"categories":[19],"tags":[],"class_list":["post-3232","post","type-post","status-publish","format-standard","hentry","category-parashat-hashavua"],"_links":{"self":[{"href":"http:\/\/sefarad-asturias.org\/blog\/wp-json\/wp\/v2\/posts\/3232","targetHints":{"allow":["GET"]}}],"collection":[{"href":"http:\/\/sefarad-asturias.org\/blog\/wp-json\/wp\/v2\/posts"}],"about":[{"href":"http:\/\/sefarad-asturias.org\/blog\/wp-json\/wp\/v2\/types\/post"}],"author":[{"embeddable":true,"href":"http:\/\/sefarad-asturias.org\/blog\/wp-json\/wp\/v2\/users\/2"}],"replies":[{"embeddable":true,"href":"http:\/\/sefarad-asturias.org\/blog\/wp-json\/wp\/v2\/comments?post=3232"}],"version-history":[{"count":1,"href":"http:\/\/sefarad-asturias.org\/blog\/wp-json\/wp\/v2\/posts\/3232\/revisions"}],"predecessor-version":[{"id":3234,"href":"http:\/\/sefarad-asturias.org\/blog\/wp-json\/wp\/v2\/posts\/3232\/revisions\/3234"}],"wp:attachment":[{"href":"http:\/\/sefarad-asturias.org\/blog\/wp-json\/wp\/v2\/media?parent=3232"}],"wp:term":[{"taxonomy":"category","embeddable":true,"href":"http:\/\/sefarad-asturias.org\/blog\/wp-json\/wp\/v2\/categories?post=3232"},{"taxonomy":"post_tag","embeddable":true,"href":"http:\/\/sefarad-asturias.org\/blog\/wp-json\/wp\/v2\/tags?post=3232"}],"curies":[{"name":"wp","href":"https:\/\/api.w.org\/{rel}","templated":true}]}}