{"id":2753,"date":"2021-09-23T18:16:17","date_gmt":"2021-09-23T18:16:17","guid":{"rendered":"https:\/\/sefarad-asturias.org\/blog\/?p=2753"},"modified":"2021-12-13T18:22:43","modified_gmt":"2021-12-13T18:22:43","slug":"israel-oxigeno-como-ayuda-a-depresiones-leves-y-moderadas","status":"publish","type":"post","link":"http:\/\/sefarad-asturias.org\/blog\/israel-oxigeno-como-ayuda-a-depresiones-leves-y-moderadas\/","title":{"rendered":"ISRAEL: ox\u00edgeno como ayuda a depresiones leves y moderadas"},"content":{"rendered":"\n<p>El aumento de ox\u00edgeno ayuda a quienes sufren de depresi\u00f3n leve a moderada, seg\u00fan hallan investigadores de Israel.<\/p>\n<p><a href=\"http:\/\/sefarad-asturias.org\/blog\/wp-content\/uploads\/2021\/12\/oxygen-treatment-photo.jpg\"><img loading=\"lazy\" decoding=\"async\" class=\" wp-image-2754 aligncenter\" src=\"http:\/\/sefarad-asturias.org\/blog\/wp-content\/uploads\/2021\/12\/oxygen-treatment-photo-150x150.jpg\" alt=\"\" width=\"124\" height=\"124\" \/><\/a><\/p>\n<p>Pacientes deprimidos que recibieron tratamiento con aire enriquecido con ox\u00edgeno durante un mes encontraron que sus s\u00edntomas mejoraron.<a href=\"https:\/\/t.me\/latamisraeltecnologia\" rel=\"nofollow noopener\">\u00a0<\/a><\/p>\n<p>Los hallazgos se informaron recientemente en <a href=\"https:\/\/members.smoove.io\/lk0g7gdeqpngetnnjn7bgokq96bko6xcrni7byyxjfo1g16nnk3b7x7enbcn.ashx\">Scientific Reports<\/a>.<\/p>\n<p>Cincuenta y cinco pacientes se dividieron en dos grupos: el primero fue tratado con aire enriquecido con ox\u00edgeno (35% de ox\u00edgeno) y el otro con aire ambiente \/ normal (21% de ox\u00edgeno) durante 7-8 horas por noche durante el transcurso de un mes.<\/p>\n<p>Despu\u00e9s del tratamiento, los s\u00edntomas depresivos se redujeron en varias escalas de medici\u00f3n.<\/p>\n<p>\u00abEl aumento de la fracci\u00f3n de ox\u00edgeno en el aire inhalado reduce los s\u00edntomas de depresi\u00f3n\u00bb, coment\u00f3 el investigador principal, el Dr. Abed N. Azab.<\/p>\n<p>\u00abPor supuesto, hay mucho m\u00e1s por descubrir. Tratamientos m\u00e1s prolongados ser\u00edan a\u00fan m\u00e1s beneficiosos? Concentraciones de ox\u00edgeno m\u00e1s altas mejorar\u00edan mejor los s\u00edntomas o no? Es importante destacar que la administraci\u00f3n de ox\u00edgeno fue segura y no caus\u00f3 efectos adversos\u00bb<\/p>\n<p>El ox\u00edgeno se administr\u00f3 en condiciones atmosf\u00e9ricas normales, lo que evit\u00f3 los peligros inherentes de las c\u00e1maras hiperb\u00e1ricas.<\/p>\n","protected":false},"excerpt":{"rendered":"<p>El aumento de ox\u00edgeno ayuda a quienes sufren de depresi\u00f3n leve a moderada, seg\u00fan hallan investigadores de Israel. Pacientes deprimidos que recibieron tratamiento con aire enriquecido con ox\u00edgeno durante un mes encontraron que sus s\u00edntomas mejoraron.\u00a0 Los hallazgos se informaron recientemente en Scientific Reports. Cincuenta y cinco pacientes se dividieron en dos grupos: el primero &#8230; <a title=\"ISRAEL: ox\u00edgeno como ayuda a depresiones leves y moderadas\" class=\"read-more\" href=\"http:\/\/sefarad-asturias.org\/blog\/israel-oxigeno-como-ayuda-a-depresiones-leves-y-moderadas\/\" aria-label=\"Leer m\u00e1s sobre ISRAEL: ox\u00edgeno como ayuda a depresiones leves y moderadas\">Leer m\u00e1s<\/a><\/p>\n","protected":false},"author":2,"featured_media":0,"comment_status":"closed","ping_status":"closed","sticky":false,"template":"","format":"standard","meta":{"footnotes":""},"categories":[15],"tags":[],"class_list":["post-2753","post","type-post","status-publish","format-standard","hentry","category-israel"],"_links":{"self":[{"href":"http:\/\/sefarad-asturias.org\/blog\/wp-json\/wp\/v2\/posts\/2753","targetHints":{"allow":["GET"]}}],"collection":[{"href":"http:\/\/sefarad-asturias.org\/blog\/wp-json\/wp\/v2\/posts"}],"about":[{"href":"http:\/\/sefarad-asturias.org\/blog\/wp-json\/wp\/v2\/types\/post"}],"author":[{"embeddable":true,"href":"http:\/\/sefarad-asturias.org\/blog\/wp-json\/wp\/v2\/users\/2"}],"replies":[{"embeddable":true,"href":"http:\/\/sefarad-asturias.org\/blog\/wp-json\/wp\/v2\/comments?post=2753"}],"version-history":[{"count":1,"href":"http:\/\/sefarad-asturias.org\/blog\/wp-json\/wp\/v2\/posts\/2753\/revisions"}],"predecessor-version":[{"id":2755,"href":"http:\/\/sefarad-asturias.org\/blog\/wp-json\/wp\/v2\/posts\/2753\/revisions\/2755"}],"wp:attachment":[{"href":"http:\/\/sefarad-asturias.org\/blog\/wp-json\/wp\/v2\/media?parent=2753"}],"wp:term":[{"taxonomy":"category","embeddable":true,"href":"http:\/\/sefarad-asturias.org\/blog\/wp-json\/wp\/v2\/categories?post=2753"},{"taxonomy":"post_tag","embeddable":true,"href":"http:\/\/sefarad-asturias.org\/blog\/wp-json\/wp\/v2\/tags?post=2753"}],"curies":[{"name":"wp","href":"https:\/\/api.w.org\/{rel}","templated":true}]}}