{"id":2471,"date":"2021-07-12T13:32:32","date_gmt":"2021-07-12T13:32:32","guid":{"rendered":"http:\/\/sefarad-asturias.org\/blog\/?p=2471"},"modified":"2021-07-13T20:02:20","modified_gmt":"2021-07-13T20:02:20","slug":"presidente-del-estado-de-israel","status":"publish","type":"post","link":"http:\/\/sefarad-asturias.org\/blog\/presidente-del-estado-de-israel\/","title":{"rendered":"PRESIDENTE del Estado de Israel"},"content":{"rendered":"\n<div class=\"entry-summary\">\n<p>El libro de Shoftim (Jueces) finaliza con el siguiente vers\u00edculo:<\/p>\n<p><em>En aquellos d\u00edas, no hab\u00eda rey en Israel; cada cual hac\u00eda lo que era recto a sus propios ojos<\/em>\u00a0 Shoftim (21:25)<\/p>\n<p><a href=\"http:\/\/sefarad-asturias.org\/blog\/wp-content\/uploads\/2021\/07\/Bandera.jpg\"><img loading=\"lazy\" decoding=\"async\" class=\"size-thumbnail wp-image-2472 aligncenter\" src=\"http:\/\/sefarad-asturias.org\/blog\/wp-content\/uploads\/2021\/07\/Bandera-150x150.jpg\" alt=\"\" width=\"150\" height=\"150\" \/><\/a><\/p>\n<p>Cuando se habla de \u201chacer lo recto\u201d se pensar\u00eda en un juez, pero el texto habla de un rey; no se persigue tanto justicia como unicidad. El dilema que se plantear\u00e1 desde I Samuel en adelante tendr\u00e1 que ver con esto: c\u00f3mo unificar a las tribus que hab\u00edan conquistado la tierra de Israel y hab\u00edan ido superando a sus diferentes enemigos. Muerto Iehoshua, pasado el tiempo de los Shoftim, la pregunta en Jueces 1:1 se actualiza: \u201c\u00bfQui\u00e9n subir\u00e1 por nosotros primero\u2026?\u201d La respuesta ser\u00e1 la instituci\u00f3n de la realeza. La realeza en Israel es muy particular: est\u00e1 avalada por Dios, pero no es de naturaleza divina; y est\u00e1 ungida por un profeta: Samuel. Es \u00e9l qui\u00e9n establecer\u00e1 la fallida dinast\u00eda de Sa\u00fal y la posterior y definitiva dinast\u00eda de David.<\/p>\n<p>Todo esto viene a cuento porque hace una semana ha finalizado el mandato como Presidente del Estado de Israel Reuven Rivlin y ha asumido el cargo Itzjak Herzog. El Presidente en Israel es el Jefe del Estado; el poder ejecutivo est\u00e1 en manos de quien forme gobierno como consecuencia de elecciones parlamentarias directas. El Presidente es elegido, en forma indirecta, por la Kneset, el parlamento de Israel. No podemos decir que es \u201cungido\u201d como lo fueron los reyes de Israel en la antig\u00fcedad, pero hay una suerte de consagraci\u00f3n a un cargo; cargo que carece del poder de la \u00e9poca b\u00edblica. Uno puede dar un vistazo a las monarqu\u00edas europeas modernas, como la de Espa\u00f1a, Inglaterra, u Holanda (por citar algunas) y, aplicando aquello de que reinan pero no gobiernan, entender la cabal dimensi\u00f3n del cargo.<\/p>\n<p>Revisando la historia de los Presidentes de Israel en sus setenta y tres a\u00f1os de existencia, y sin profundiza en el perfil de cada uno, surgen algunas conclusiones que a la luz del presente resultan relevantes y destacables. En el Israel uniforme y monol\u00edtico de su fundaci\u00f3n, donde el Laborismo y sus pol\u00edticas socialistas prevalecieron ampliamente durante treinta a\u00f1os, la Presidencia fue un premio consuelo y devino en una instituci\u00f3n absolutamente simb\u00f3lica. Jaim Weizman fue el primer Presidente del Estado, una forma elegante que tuvo Ben-Guri\u00f3n para apartar del poder al principal negociador del Sionismo desde la Declaraci\u00f3n Balfour. Weizman era un qu\u00edmico reconocido, y el patr\u00f3n de que los presidentes sean figuras de la ciencia o la cultura se mantuvo muchos a\u00f1os. Tal vez el primer quiebre en este sentido fue Itzjak Navon, que hab\u00eda sido secretario de Ben-Gurion y fue el primer Presidente de origen sefarad\u00ed. Con \u00e9l, de alguna manera muy sutil, el cargo empezaba a \u201cdecir\u201d algo.<\/p>\n<p>Rota la hegemon\u00eda laborista al final de los setenta la paridad pol\u00edtica se traslad\u00f3 a la Kneset en la elecci\u00f3n del Presidente. A Navon lo sucedieron Jaim Herzog y Ezer Weizman; padre del presidente entrante y sobrino del primer presidente, respectivamente. Los tres se ganaron un merecido prestigio, y los tres ven\u00edan de ocupar cargos pol\u00edticos. En 2000 es derrotado Shimon Peres y asume Mosh\u00e9 Katzav, nacido en Ir\u00e1n y perteneciente al prevalente Likud; debe renunciar antes del final oficial de su mandato por acusaciones de acoso sexual, por lo cual fue condenado. En 2007 asume Shimon Peres, tal vez el pol\u00edtico con mayor trayectoria hist\u00f3rica combinando tiempo y logros, pero cuya carrera pol\u00edtica estaba claramente terminada. Fue una salida digna y al mismo tiempo dignific\u00f3 como ninguno una maltrecha instituci\u00f3n. Con Peres en Beit Hanasi la dimensi\u00f3n simb\u00f3lica y nacional del cargo se consolid\u00f3.<\/p>\n<p>Cuando es electo Reuven Rivlin, del cerno del partido Likud y de perfil netamente nacionalista, uno esperar\u00eda que el <em>establishment<\/em> israel\u00ed se consolidara en un discurso hegem\u00f3nico de derecha. Sin embargo, Rivlin confirma su conocida y probada vocaci\u00f3n democr\u00e1tica y dibuja n\u00edtidamente su perfil como jefe de Estado en contraste al Primer Ministro Netanyahu. En especial en los \u00faltimos a\u00f1os, con el estancamiento pol\u00edtico, el fraccionamiento social y \u00e9tnico, y la ausencia de Gobierno estable por m\u00e1s de dos a\u00f1os, Rivlin emerge como una figura unificadora y de valores. Cuando uno ten\u00eda dificultad para encontrar inspiraci\u00f3n en el sistema pol\u00edtico israel\u00ed, all\u00ed estaba Rivlin para ofrecerla. Tal vez la imagen que represente mejor su posicionamiento y simbolice su rol en la sociedad israel\u00ed sea su participaci\u00f3n, en 2018, del evento \u201cKoolulam\u201d en el Nokia Arena de Tel-Aviv. Vale la pena verlo:<\/p>\n<p style=\"text-align: center;\"><iframe loading=\"lazy\" title=\"YouTube video player\" src=\"https:\/\/www.youtube.com\/embed\/oxzR9Z-kG6Q\" width=\"560\" height=\"315\" frameborder=\"0\" allowfullscreen=\"allowfullscreen\"><\/iframe><\/p>\n<p>Cuando publicamos estas l\u00edneas Itzjak Herzog ya es el 11\u00ba Presidente de Israel. Es un hombre joven, de estirpe y carrera pol\u00edtica, que se ha comprometido a bregar por la unidad interna del pa\u00eds y por su posicionamiento a nivel mundial entre jud\u00edos y no jud\u00edos. Si no me equivoco, es el Presidente que asume m\u00e1s joven en la historia del pa\u00eds. Mientras los pol\u00edticos est\u00e1n muy ocupados en hacer pol\u00edtica, provocar o evitar elecciones, y sobre todo gobernar, es bueno saber que por encima de todo existe esta figura p\u00fablica, este Primer Ciudadano, que garantiza estabilidad y promueve los valores de unidad por encima de los divisivos; porque los hay de unos y de otros, en abundancia.<\/p>\n<p>Cuando ayer circularon en redes los videos de la ceremonia de asunci\u00f3n en la Kneset, en especial en el momento que suenan los cuernos anunciando la investidura en el cargo, no pude evitar que me invadiera \u00a0una entusiasta emoci\u00f3n y una profunda noci\u00f3n b\u00edblica e hist\u00f3rica: todav\u00eda suenan en Jerusalem, para todo Israel, los ancestrales sonidos del Shofar. Todav\u00eda estamos a tiempo de esperar, siempre, tiempos mejores.<\/p>\n<p>\u201c\u00a1Larga vida al Presidente de Israel!\u201d<\/p>\n<p>Fuente: TuMeser<\/p>\n<\/div>\n","protected":false},"excerpt":{"rendered":"<p>El libro de Shoftim (Jueces) finaliza con el siguiente vers\u00edculo: En aquellos d\u00edas, no hab\u00eda rey en Israel; cada cual hac\u00eda lo que era recto a sus propios ojos\u00a0 Shoftim (21:25) Cuando se habla de \u201chacer lo recto\u201d se pensar\u00eda en un juez, pero el texto habla de un rey; no se persigue tanto justicia &#8230; <a title=\"PRESIDENTE del Estado de Israel\" class=\"read-more\" href=\"http:\/\/sefarad-asturias.org\/blog\/presidente-del-estado-de-israel\/\" aria-label=\"Leer m\u00e1s sobre PRESIDENTE del Estado de Israel\">Leer m\u00e1s<\/a><\/p>\n","protected":false},"author":2,"featured_media":0,"comment_status":"closed","ping_status":"closed","sticky":false,"template":"","format":"standard","meta":{"footnotes":""},"categories":[15],"tags":[],"class_list":["post-2471","post","type-post","status-publish","format-standard","hentry","category-israel"],"_links":{"self":[{"href":"http:\/\/sefarad-asturias.org\/blog\/wp-json\/wp\/v2\/posts\/2471","targetHints":{"allow":["GET"]}}],"collection":[{"href":"http:\/\/sefarad-asturias.org\/blog\/wp-json\/wp\/v2\/posts"}],"about":[{"href":"http:\/\/sefarad-asturias.org\/blog\/wp-json\/wp\/v2\/types\/post"}],"author":[{"embeddable":true,"href":"http:\/\/sefarad-asturias.org\/blog\/wp-json\/wp\/v2\/users\/2"}],"replies":[{"embeddable":true,"href":"http:\/\/sefarad-asturias.org\/blog\/wp-json\/wp\/v2\/comments?post=2471"}],"version-history":[{"count":0,"href":"http:\/\/sefarad-asturias.org\/blog\/wp-json\/wp\/v2\/posts\/2471\/revisions"}],"wp:attachment":[{"href":"http:\/\/sefarad-asturias.org\/blog\/wp-json\/wp\/v2\/media?parent=2471"}],"wp:term":[{"taxonomy":"category","embeddable":true,"href":"http:\/\/sefarad-asturias.org\/blog\/wp-json\/wp\/v2\/categories?post=2471"},{"taxonomy":"post_tag","embeddable":true,"href":"http:\/\/sefarad-asturias.org\/blog\/wp-json\/wp\/v2\/tags?post=2471"}],"curies":[{"name":"wp","href":"https:\/\/api.w.org\/{rel}","templated":true}]}}