{"id":1840,"date":"2020-03-08T07:19:43","date_gmt":"2020-03-08T07:19:43","guid":{"rendered":"http:\/\/sefarad-asturias.org\/blog\/?p=1840"},"modified":"2021-02-10T19:27:47","modified_gmt":"2021-02-10T19:27:47","slug":"purim-de-generacion-en-generacion","status":"publish","type":"post","link":"http:\/\/sefarad-asturias.org\/blog\/purim-de-generacion-en-generacion\/","title":{"rendered":"PURIM: De generaci\u00f3n en generaci\u00f3n"},"content":{"rendered":"\n<p>En esta semana es festejado Jag Purim cuya consagraci\u00f3n comienza en el templo escuchando Meguilat Ester con su narrativa de sucesos habidos dos milenios atr\u00e1s\u00a0 en Persia (hoy Ir\u00e1n) proyectado entonces a 127 pa\u00edses que estaban bajo su dominio y que derivar\u00edan con la ca\u00edda de quien procur\u00f3 atentar en contra de Am Israel, el no bien recordado Ham\u00e1n.<\/p>\n<p><a href=\"http:\/\/sefarad-asturias.org\/blog\/wp-content\/uploads\/2021\/02\/Ester.jpg\"><img loading=\"lazy\" decoding=\"async\" class=\" wp-image-1841 aligncenter\" src=\"http:\/\/sefarad-asturias.org\/blog\/wp-content\/uploads\/2021\/02\/Ester-300x188.jpg\" alt=\"\" width=\"228\" height=\"143\" srcset=\"http:\/\/sefarad-asturias.org\/blog\/wp-content\/uploads\/2021\/02\/Ester-300x188.jpg 300w, http:\/\/sefarad-asturias.org\/blog\/wp-content\/uploads\/2021\/02\/Ester.jpg 547w\" sizes=\"auto, (max-width: 228px) 100vw, 228px\" \/><\/a><\/p>\n<p>A la vez de destacar el retorno a un primer plano del pueblo hebreo, tras haber superado entonces, la candente amenaza de un arrasamiento generalizado. (historia reiterada al presente, ante las consabidas amenazas del mal\u00e9volo dirigente iran\u00ed, ante las que aguardamos, sigan el mismo curso que nos dio a conocer la historia con su predecesor Ham\u00e1n.)<\/p>\n<p>Diversas tradiciones acompa\u00f1an a esta fecha, algunas de ellas para ser formalizadas y otras de negaci\u00f3n hacia elementos cotidianos.<\/p>\n<p>En este \u00faltimo caso, va el ayuno comunitario de la v\u00edspera, desde una hora antes de la salida del sol, hasta posterior a la lectura de\u00a0 la Meguil\u00e1 en los templos.<\/p>\n<p>En el primero de los casos, entre las diferentes cosas que se deben formalizar van:<\/p>\n<p>Lectura de Meguil\u00e1. Intercambio de presentes. Obsequios a los no pudientes. Banquete de Purim. Escuchar el pasaje de la Tor\u00e1 \u201dZajor\u201d en el Shabat que antecede a Purim, con el relato de la conquista hebrea sobre Amalek (Ham\u00e1n proven\u00eda de tal nacionalidad) y por lo mismo se recuerda con la lectura del pasaje referente en Sefer Shemot.<\/p>\n<p>La historia de Purim tuvo lugar fuera de los l\u00edmites de Eretz Israel y antes a\u00fan del inicio de la era com\u00fan, mas su legado es transmitido generaci\u00f3n tras generaci\u00f3n.<\/p>\n<p>De su esencia, obtenemos un claro mensaje proyectado hasta nuestros tiempos. Es el de la unidad dentro de Am Israel, elemento primordial ante cualquier contingencia que se pudiera presentar.<\/p>\n<p>En instantes que Mordejay pide a la reina Ester se apersonara al\u00a0 rey en procura de cancelar un decreto de exterminio sobre el pueblo hebreo, recibe como respuesta los t\u00e9rminos que son portadores del mensaje hacia las siguientes generaciones:<\/p>\n<p><em>\u201cVe y une antes a todos los componentes hebreos. Desde j\u00f3venes a ancianos\u201d<\/em><\/p>\n<p>Indicando con ello, el que a\u00fan antes de procurar cualquier actitud de defensa frente a una situaci\u00f3n no buena, lo primordial pasa por estrechar filas dentro de Am Israel.<\/p>\n<p>De nada habr\u00edan servido las gestiones tendientes a revocar tal decreto entonces, sin contar antes, con la unidad\u00a0 entre quienes conforman el gran pueblo.<\/p>\n<p>Nuestros maestros comentaron sobre la importancia de esta consagraci\u00f3n, Jag Purim, siendo que sus letras en acr\u00f3stico, encierran todas las fiestas del calendario, a saber:<\/p>\n<ol>\n<li>: Pesaj. <em>Vav<\/em> : Vesucot. <em>Resh<\/em>: Rosh hashana. <em>Iod<\/em>: Iom Hakipurim.<em> Mem<\/em>: Matan Tora o Shabuot. He aqu\u00ed entonces ya desde el nombre: Purim, las consagraciones del a\u00f1o hebreo.<\/li>\n<\/ol>\n<p>En todas ellas, la base de su esencia pasa por la unidad y comprensi\u00f3n entre los componentes, como insustituible elemento de base.<\/p>\n<p>Cierto suceso con vigencia de tres milenios atr\u00e1s, nos ilustra sobre lo mismo:<\/p>\n<p>Dos hermanos heredan un campo en Eretz Israel, el que por a\u00f1os trabajan juntos.<\/p>\n<p>Una de las noches, el menor de ellos se desvela pensando que en la sociedad compartida con su hermano, \u00e9l retiraba la mitad de lo ganado, lo cual seg\u00fan su criterio no era justo, siendo que \u00e9l viv\u00eda solo y por lo tanto sin compromisos de mantenimiento, mientras que su par era casado y con varios peque\u00f1os que\u00a0 sacar adelante.<\/p>\n<p>Esa misma noche, toma su carretilla y yendo a la parva de trigo de su propiedad, la llena y transporta varias veces colocando el contenido en la de su hermano.<\/p>\n<p>Sucedi\u00f3 que esa misma noche, su hermano mayor, tambi\u00e9n pierde el sue\u00f1o y piensa: Yo ya form\u00e9 mi hogar en tanto mi hermano a\u00fan debe emprender tal tarea. No es justo que retire en un plano de igualdad con \u00e9l, siendo que tiene por delante grandes gastos a emprender.<\/p>\n<p>Con lo que va a su parva de trigo y carga su carreta, efectuando diversos viajes hasta descargar en el sitio de su hermano<\/p>\n<p>As\u00ed varias veces en que al siguiente d\u00eda no entend\u00eda ninguno de ellos del porqu\u00e9 su monta\u00f1a de trigo amanec\u00eda con la misma\u00a0 cantidad, considerando que le hab\u00eda sido quitado contenido<\/p>\n<p>Una de las noches, coinciden en el horario, y he aqu\u00ed que en medio del campo,\u00a0 se encuentran llevando cada uno de ellos, espigas de su propiedad, hacia la parva del otro.<\/p>\n<p>All\u00ed comprenden lo sucedido, y dejando cada uno su elemento, en plena soledad del campo y bajo la luz de la surgente luna corren a confundirse en un fraternal abrazo cundiendo gruesas l\u00e1grimas de amor y fraternidad entre ellos.<\/p>\n<p>Destaca el Midrash, que en el sitio preciso donde fueron derramadas tales l\u00e1grimas, producto de tan sublime amor, ser\u00eda luego construida la santa casa de Jerusal\u00e9m, con lo que resalta que el sustento de la tradici\u00f3n hebrea, va apoyado en la uni\u00f3n de sus componentes. He aqu\u00ed que la casa santa, base del acercamiento hacia la Divinidad, fue constituida donde hab\u00edan sido derramadas l\u00e1grimas de amor fraternal.<\/p>\n<p>Y por lo mismo, el sublime mensaje en\u00a0 la consagraci\u00f3n de Purim. El verdadero milagro se gesta, a partir que estrechan filas dentro de Am Israel. Tal como los t\u00e9rminos ..<\/p>\n<p><em>\u201c En el fr\u00edo.. ced\u00ed mi abrigo al indigente.. entonces.. sent\u00ed mas calor..\u201d<\/em><\/p>\n<p>En ello estuvo encerrado el secreto de apertura hacia el \u00e9xito posterior, que finalizar\u00eda con la derogaci\u00f3n del decreto\u00a0 y salvaci\u00f3n de la estirpe jud\u00eda. Y que hoy. a dos milenios de distancia desde tal singular evento; aguardamos; la historia pudiera volver a repetirse.<\/p>\n<p>As\u00ed como en el ayer, el propio gestor del decreto de exterminio, termin\u00f3 absorbiendo en su persona lo por \u00e9l tramado hacia los hebreos, de tal forma al hoy con quien precisamente desde el mismo sitio; Ir\u00e1n; augura el arrasamiento\u00a0 de Am Israel, siendo que va repitiendo una cruel historia, de la cual resta tener fe en el Creador, y aguardar su\u00a0 final.<\/p>\n","protected":false},"excerpt":{"rendered":"<p>En esta semana es festejado Jag Purim cuya consagraci\u00f3n comienza en el templo escuchando Meguilat Ester con su narrativa de sucesos habidos dos milenios atr\u00e1s\u00a0 en Persia (hoy Ir\u00e1n) proyectado entonces a 127 pa\u00edses que estaban bajo su dominio y que derivar\u00edan con la ca\u00edda de quien procur\u00f3 atentar en contra de Am Israel, el &#8230; <a title=\"PURIM: De generaci\u00f3n en generaci\u00f3n\" class=\"read-more\" href=\"http:\/\/sefarad-asturias.org\/blog\/purim-de-generacion-en-generacion\/\" aria-label=\"Leer m\u00e1s sobre PURIM: De generaci\u00f3n en generaci\u00f3n\">Leer m\u00e1s<\/a><\/p>\n","protected":false},"author":2,"featured_media":0,"comment_status":"closed","ping_status":"closed","sticky":false,"template":"","format":"standard","meta":{"footnotes":""},"categories":[12],"tags":[94],"class_list":["post-1840","post","type-post","status-publish","format-standard","hentry","category-fiestas-judias","tag-purim"],"_links":{"self":[{"href":"http:\/\/sefarad-asturias.org\/blog\/wp-json\/wp\/v2\/posts\/1840","targetHints":{"allow":["GET"]}}],"collection":[{"href":"http:\/\/sefarad-asturias.org\/blog\/wp-json\/wp\/v2\/posts"}],"about":[{"href":"http:\/\/sefarad-asturias.org\/blog\/wp-json\/wp\/v2\/types\/post"}],"author":[{"embeddable":true,"href":"http:\/\/sefarad-asturias.org\/blog\/wp-json\/wp\/v2\/users\/2"}],"replies":[{"embeddable":true,"href":"http:\/\/sefarad-asturias.org\/blog\/wp-json\/wp\/v2\/comments?post=1840"}],"version-history":[{"count":0,"href":"http:\/\/sefarad-asturias.org\/blog\/wp-json\/wp\/v2\/posts\/1840\/revisions"}],"wp:attachment":[{"href":"http:\/\/sefarad-asturias.org\/blog\/wp-json\/wp\/v2\/media?parent=1840"}],"wp:term":[{"taxonomy":"category","embeddable":true,"href":"http:\/\/sefarad-asturias.org\/blog\/wp-json\/wp\/v2\/categories?post=1840"},{"taxonomy":"post_tag","embeddable":true,"href":"http:\/\/sefarad-asturias.org\/blog\/wp-json\/wp\/v2\/tags?post=1840"}],"curies":[{"name":"wp","href":"https:\/\/api.w.org\/{rel}","templated":true}]}}