{"id":1766,"date":"2021-01-11T20:06:26","date_gmt":"2021-01-11T20:06:26","guid":{"rendered":"http:\/\/sefarad-asturias.org\/blog\/?p=1766"},"modified":"2021-01-11T20:06:26","modified_gmt":"2021-01-11T20:06:26","slug":"tel-azeka-donde-pelearon-david-y-goliat","status":"publish","type":"post","link":"http:\/\/sefarad-asturias.org\/blog\/tel-azeka-donde-pelearon-david-y-goliat\/","title":{"rendered":"TEL AZEK\u00c1: Donde pelearon David y Goliat"},"content":{"rendered":"\n<p>La regi\u00f3n b\u00edblica de Azek\u00e1 fue el escenario donde tuvo lugar la desigual pelea entre David y Goliat.<\/p>\n<p><span class=\"VIiyi\" lang=\"es\"><span class=\"JLqJ4b ChMk0b\" data-language-for-alternatives=\"es\" data-language-to-translate-into=\"en\" data-phrase-index=\"6\">Encaramado a 117 m sobre las colinas de las tierras bajas de Judea (Sefela) se encuentra Azek\u00e1, en la antig\u00fcedad una de las principales ciudades y el centro regional de las f\u00e9rtiles llanuras del magn\u00edfico Valle de Ela.<\/span> <span class=\"JLqJ4b ChMk0b\" data-language-for-alternatives=\"es\" data-language-to-translate-into=\"en\" data-phrase-index=\"7\">Durante milenios, Azekah floreci\u00f3 y creci\u00f3, benefici\u00e1ndose de su rica ubicaci\u00f3n natural y estrat\u00e9gica en una de las principales rutas que conduc\u00edan desde la llanura costera a Jerusal\u00e9m y el sur.<\/span> <span class=\"JLqJ4b ChMk0b\" data-language-for-alternatives=\"es\" data-language-to-translate-into=\"en\" data-phrase-index=\"8\">El agua es suministrada por el Najal Elah.<\/span><\/span><\/p>\n<p><a href=\"http:\/\/sefarad-asturias.org\/wp-content\/uploads\/2021\/01\/Tel-Azeka\u0301.jpg\"><img loading=\"lazy\" decoding=\"async\" class=\"size-thumbnail wp-image-1145 aligncenter\" src=\"http:\/\/sefarad-asturias.org\/wp-content\/uploads\/2021\/01\/Tel-Azeka\u0301-150x150.jpg\" alt=\"\" width=\"150\" height=\"150\" \/><\/a><\/p>\n<p>Las excavaciones realizadas en Tel Azek\u00e1 desde 2012 por los profesores Oded Lipschits y Yuval Gadot (Universidad de Tel Aviv) y Manfred Oeming (Universidad de Heidelberg) revelaron monumentales ruinas de templos, palacios y sistemas de fortificaci\u00f3n, as\u00ed como raros artefactos como vasijas intactas, monedas y sellos que datan de la Edad del Bronce temprana hasta el Per\u00edodo Bizantino.<\/p>\n<div class=\"AxqVh\">\n<div class=\"OPPzxe\">\n<div class=\"DVHrxd\">\n<div data-show-delay-ms=\"250\" data-append-to-body=\"true\" data-propagate-tooltip-mouseover-events=\"true\" data-anchor-corner=\"bottom-left\" data-popup-corner=\"top-left\">\n<div class=\"J0lOec\"><span class=\"VIiyi\" lang=\"es\"><span class=\"JLqJ4b\" data-language-for-alternatives=\"es\" data-language-to-translate-into=\"en\" data-phrase-index=\"0\">Hoy en d\u00eda, la mayor\u00eda de los hallazgos (cuevas funerarias) est\u00e1n cubiertos de arena, y ya no se puede ingresar al peque\u00f1o y moderado sistema de t\u00faneles escondidos de la \u00e9poca de Bar Kojba. Pero debido a las restricciones en ese momento, los excavadores brit\u00e1nicos tuvieron que parar su proyecto. <\/span><\/span><\/div>\n<div class=\"J0lOec\"><span class=\"VIiyi\" lang=\"es\"><span class=\"JLqJ4b\" data-language-for-alternatives=\"es\" data-language-to-translate-into=\"en\" data-phrase-index=\"0\">Se llega al sitio a trav\u00e9s del Parque Britannia. El parque tiene un estacionamiento accesible especial y mesas de picnic, sin embargo, solo se puede llegar al mont\u00edculo a pie. El Tel Azek\u00e1 est\u00e1 abierto y no hay tarifa de entrada. Los viajeros suben a la cima de Tel Azek\u00e1 acompa\u00f1ados de vers\u00edculos b\u00edblicos grabados en placas, algunos de los cuales describen la batalla que tuvo lugar cerca entre David y Goliat. <\/span><\/span><\/div>\n<div class=\"J0lOec\"><span class=\"VIiyi\" lang=\"es\"><span class=\"JLqJ4b\" data-language-for-alternatives=\"es\" data-language-to-translate-into=\"en\" data-phrase-index=\"0\">En la cima espera a los visitantes una hermosa plaza desde la cual se puede mirar hacia la llanura costera, el valle de Ela, las monta\u00f1as de Jerusal\u00e9m y mucho m\u00e1s. Simplemente si\u00e9ntese en la plaza sombreada e imagine al israelita en la colina al otro lado de Najal Ela y las fuerzas filisteas en Tel Azek\u00e1, donde est\u00e1 sentado.<\/span><\/span><\/div>\n<\/div>\n<\/div>\n<\/div>\n<\/div>\n","protected":false},"excerpt":{"rendered":"<p>La regi\u00f3n b\u00edblica de Azek\u00e1 fue el escenario donde tuvo lugar la desigual pelea entre David y Goliat. Encaramado a 117 m sobre las colinas de las tierras bajas de Judea (Sefela) se encuentra Azek\u00e1, en la antig\u00fcedad una de las principales ciudades y el centro regional de las f\u00e9rtiles llanuras del magn\u00edfico Valle de &#8230; <a title=\"TEL AZEK\u00c1: Donde pelearon David y Goliat\" class=\"read-more\" href=\"http:\/\/sefarad-asturias.org\/blog\/tel-azeka-donde-pelearon-david-y-goliat\/\" aria-label=\"Leer m\u00e1s sobre TEL AZEK\u00c1: Donde pelearon David y Goliat\">Leer m\u00e1s<\/a><\/p>\n","protected":false},"author":2,"featured_media":0,"comment_status":"closed","ping_status":"closed","sticky":false,"template":"","format":"standard","meta":{"footnotes":""},"categories":[6],"tags":[],"class_list":["post-1766","post","type-post","status-publish","format-standard","hentry","category-arqueologia-israeli"],"_links":{"self":[{"href":"http:\/\/sefarad-asturias.org\/blog\/wp-json\/wp\/v2\/posts\/1766","targetHints":{"allow":["GET"]}}],"collection":[{"href":"http:\/\/sefarad-asturias.org\/blog\/wp-json\/wp\/v2\/posts"}],"about":[{"href":"http:\/\/sefarad-asturias.org\/blog\/wp-json\/wp\/v2\/types\/post"}],"author":[{"embeddable":true,"href":"http:\/\/sefarad-asturias.org\/blog\/wp-json\/wp\/v2\/users\/2"}],"replies":[{"embeddable":true,"href":"http:\/\/sefarad-asturias.org\/blog\/wp-json\/wp\/v2\/comments?post=1766"}],"version-history":[{"count":0,"href":"http:\/\/sefarad-asturias.org\/blog\/wp-json\/wp\/v2\/posts\/1766\/revisions"}],"wp:attachment":[{"href":"http:\/\/sefarad-asturias.org\/blog\/wp-json\/wp\/v2\/media?parent=1766"}],"wp:term":[{"taxonomy":"category","embeddable":true,"href":"http:\/\/sefarad-asturias.org\/blog\/wp-json\/wp\/v2\/categories?post=1766"},{"taxonomy":"post_tag","embeddable":true,"href":"http:\/\/sefarad-asturias.org\/blog\/wp-json\/wp\/v2\/tags?post=1766"}],"curies":[{"name":"wp","href":"https:\/\/api.w.org\/{rel}","templated":true}]}}