{"id":1176,"date":"2020-01-10T11:47:43","date_gmt":"2020-01-10T11:47:43","guid":{"rendered":"http:\/\/sefarad-asturias.org\/blog\/?p=1176"},"modified":"2020-08-07T11:51:19","modified_gmt":"2020-08-07T11:51:19","slug":"el-racismo-humanitario-escrito-en-septiembre-2010","status":"publish","type":"post","link":"http:\/\/sefarad-asturias.org\/blog\/el-racismo-humanitario-escrito-en-septiembre-2010\/","title":{"rendered":"EL RACISMO HUMANITARIO (Escrito en septiembre 2010)"},"content":{"rendered":"\n<p>El racismo menos percibido penetra por doquier<\/p>\n<p>Uno de los grandes avances morales de las \u00faltimas d\u00e9cadas es que el racismo se haya transformado en objeto de una condena generalizada.<\/p>\n<p>Sin embargo, pocos se detienen en el hecho oprobioso de que dicha desaprobaci\u00f3n se circunscribe a una sola forma del racismo, la que podr\u00eda denominarse \u00abracismo imperioso\u00bb, y es la que sostiene que algunos grupos humanos (en general encasillables en la categor\u00eda del \u00abhombre blanco\u00bb) son inherentemente superiores y por ende est\u00e1n destinados a dominar a los dem\u00e1s. Esta forma del racismo pocas veces es esgrimida de modo expl\u00edcito, y por lo tanto es saludable la alerta para que no se imponga inadvertidamente.<\/p>\n<p>Pero el racismo tiene otra cara, y llama mucho la atenci\u00f3n que esa otra cara, que es tan da\u00f1ina y sutil como la imperiosa, es obstinadamente pasada por alto.<\/p>\n<p>Consiste en alegar que hay grupos humanos (en general encasillables en la categor\u00eda del \u00abhombre blanco\u00bb) que son inherentemente superiores, y por ello guardan el monopolio del juicio moral.<\/p>\n<p>Los supuestamente inferiores no ser\u00edan responsables de sus actos, y por ende jam\u00e1s debe conden\u00e1rseles.<\/p>\n<p>Seg\u00fan esta visi\u00f3n, esgrimida inconscientemente por una buena parte de la izquierda, s\u00f3lo a los \u00abhombres blancos\u00bb cabe juzgar desde una perspectiva moral. El resto de los pueblos, negros, \u00e1rabes o indios, deber\u00edan ser tratados como ni\u00f1os que no saben distinguir el bien del mal; ergo ninguna conducta los exceptuar\u00e1 de su ubicuo rol de v\u00edctimas. Este racismo tiende a resaltar en la categor\u00eda de \u00abblancos\u00bb a los jud\u00edos.<\/p>\n<p>Manfred Gerstenfeld ha acertado al poner un nombre a la farsa, tan difundida como \u00abpol\u00edticamente correcta\u00bb: \u00abel racismo humanitario\u00bb. Este concepto ayuda a entender por qu\u00e9 toda acci\u00f3n defensiva de Israel es siempre presentada como agresi\u00f3n.<\/p>\n<p>A los \u00e1rabes no puede ped\u00edrseles que no agredan, ni que no violen la ley, ni que establezcan democracias, ni que aprovechen sus inmensas riquezas para crear sociedades de avanzada. Tal exigencia moral no cabr\u00eda en poblaciones a las que el racista humanitario considera afectadas por una tara que las hace inferiores.<\/p>\n<p>As\u00ed, en un <a href=\"http:\/\/www.elindependent.org\/articulos\/article.asp?id=2803\">reciente art\u00edculo<\/a> al que he dado <a href=\"http:\/\/independent.typepad.com\/elindependent\/2010\/06\/el-gueto-mental-de-algunos.html\">respuesta<\/a>, \u00c1lvaro <a href=\"http:\/\/www.nodulo.org\/ec\/2005\/n044p05.htm\">Vargas Llosa<\/a> se sorprende de que el m\u00e9todo que Israel ha encontrado para defenderse de los <a href=\"http:\/\/www.nodulo.org\/ec\/2009\/n083p05.htm\">morteros<\/a> del Ham\u00e1s es un riguroso bloqueo de armamentos a la Franja de Gaza. Llamativamente, en ning\u00fan p\u00e1rrafo al cr\u00edtico lo visita la sorpresa por el hecho de que en Gaza flagelen a los que beben alcohol, lancen morteros contra civiles, y \u00ab<a href=\"http:\/\/www.nodulo.org\/ec\/2004\/n030p05.htm\">resistan la ocupaci\u00f3n<\/a>\u00bb con el terrorismo suicida que adoctrin\u00f3 a una generaci\u00f3n de j\u00f3venes \u00e1rabes en la necesidad religiosa de asesinar a j\u00f3venes hebreos.<\/p>\n<p>El criterio moral es aplicado s\u00f3lo al \u00abblanco\u00bb de la trama, mientras a los \u00abinferiores\u00bb se los juzga con la vara del relativismo cultural y la comprensi\u00f3n \u00abpluralista\u00bb.<\/p>\n<p>Un caso elocuente fue la noruega Trine Lilleng, Primera Secretaria de la embajada de su pa\u00eds en Arabia Saud\u00ed. Como <a href=\"http:\/\/www.nodulo.org\/ec\/2004\/n023p05.htm\">mujer<\/a> proveniente de una sociedad liberal de avanzada, podr\u00eda preverse que se escandalizara de que en su pa\u00eds hu\u00e9sped se proh\u00edbe a las mujeres conducir, que est\u00e1n obligadas a r\u00edgidas vestimentas, que son v\u00edctimas de <a href=\"http:\/\/www.nodulo.org\/ec\/2007\/n065p05.htm\">abusos<\/a> como la clitoridectom\u00eda, la poligamia y los asesinatos por \u00abhonor familiar\u00bb.<\/p>\n<p>La Lilleng podr\u00eda haber notado que en el petrol\u00edfero reino en el que resid\u00eda temporariamente no hay libertad de opini\u00f3n ni instituciones democr\u00e1ticas; la \u00fanica religi\u00f3n permitida es el Islam, y los derechos ciudadanos se reducen a d\u00e1divas del monarca a sus s\u00fabditos.<\/p>\n<p>Pero no.<\/p>\n<p>Trine Lilleng nunca percibi\u00f3 las lacras de la sociedad feudal, y a fines de enero del a\u00f1o pasado, se tom\u00f3 el arduo trabajo de componer un fotomontaje en el que el peque\u00f1o Israel es presentado como el Tercer Reich, y el <a href=\"http:\/\/www.nodulo.org\/ec\/2005\/n046p05.htm\">exterminio de seis millones de jud\u00edos<\/a> atrapados en Europa es equiparado con la limitada guerra defensiva de Israel contra enemigos empe\u00f1ados en <a href=\"http:\/\/www.nodulo.org\/ec\/2006\/n057p05.htm\">borrarlo del mapa<\/a>.<\/p>\n<p>Que la noruega calumniara al pa\u00eds hebreo precisamente desde una autocracia medieval, es una muestra cabal de la ceguera de los racistas humanitarios. Parecieran transmitir que, como a los \u00e1rabes no puede exig\u00edrseles un comportamiento moral, la lupa cr\u00edtica debe mantenerse enfocada en el israelita.<\/p>\n<p><strong>No rega\u00f1ar el lenguaje infantil<\/strong><\/p>\n<p>Fathi Hamad y Muhsen Abu Ita son l\u00edderes del Ham\u00e1s en Gaza. Como tales, gozan de la suerte de los \u00abpueblos inferiores\u00bb en la mente del racista humanitario. Por ello nadie les reclam\u00f3 por haber escupido hace unos meses por televisi\u00f3n las siguientes expresiones \u00abculturales\u00bb: que \u00abcada palestino que asesine a un jud\u00edo ser\u00e1 recompensado como si matara a treinta millones\u00bb; que \u00abla aniquilaci\u00f3n de los jud\u00edos esa una espl\u00e9ndida bendici\u00f3n para Palestina\u00bb; y que \u00ablos palestinos formamos escudos humanos de mujeres, ni\u00f1os y ancianos, a fin de desafiar las bombas sionistas. As\u00ed le decimos al enemigo que deseamos la muerte tanto como ellos desean la vida\u00bb.<\/p>\n<p>Ning\u00fan medio europeo importante siquiera recogi\u00f3 la belleza de las declaraciones, porque aparentemente de ciertas personas no puede sino esperarse un lenguaje irresponsable, y la incitaci\u00f3n a la violencia no pasa de ser una simp\u00e1tica bravata.<\/p>\n<p>Algunos \u00e1rabes aceptan graciosamente ser discriminados como ni\u00f1os por el racista humanitario. Cuando el sheik Nizar Rayyan fue ejecutado por el ej\u00e9rcito israel\u00ed (1-1-09), su hijo declar\u00f3 que \u00abnunca se habr\u00eda imaginado que Israel bombardear\u00eda una casa\u00bb. Cabe hurgar en la fuente de semejante limitaci\u00f3n a su imaginario.<\/p>\n<p>A pesar de que ellos han celebrado la colocaci\u00f3n de bombas en casas, en restaurantes y en fiestas infantiles, con respecto a sus enemigos no son imaginables siquiera acciones mucho m\u00e1s leves que el terror indiscriminado del Ham\u00e1s. La imaginaci\u00f3n es trabada por el racismo humanitario, que viene ense\u00f1ando que a ellos se les perdonar\u00e1 todo mientras al \u00abhombre blanco\u00bb no se permitir\u00e1 ni defenderse.<\/p>\n<p>Otros \u00e1rabes, por el contrario, rechazan que se los discrimine como idiotas \u00e9ticos. As\u00ed, el m\u00e1s conocido de los comediantes y actores egipcios, Adel Imam, dej\u00f3 a su audiencia at\u00f3nita cuando declar\u00f3 por radio (3-1-09) que comprend\u00eda el operativo militar israel\u00ed en Gaza, ya que no se puede pedir de ninguna sociedad que absorba pasivamente los ataques constantes que desata el Ham\u00e1s.<\/p>\n<p>En el caso espec\u00edfico de los \u00e1rabes israel\u00edes, el a\u00f1o pasado se produjo un hecho que ejemplifica el modo en que incluso una buena parte de la prensa israel\u00ed cae en la torpeza del racismo humanitario.<\/p>\n<p>Um-al-Fahm es una peque\u00f1a ciudad \u00e1rabe de Israel, en las cercan\u00edas de Haifa, cuya poblaci\u00f3n vota tradicionalmente a partidos islamistas.<\/p>\n<p>Para protestar por la deslealtad en la que hab\u00edan incurrido notorios pol\u00edticos \u00e1rabes israel\u00edes, un partido nacionalista israel\u00ed anunci\u00f3 que marchar\u00eda por aquella ciudad portando banderas del pa\u00eds.<\/p>\n<p>La marcha fue inicialmente prohibida por la polic\u00eda, pero los nacionalistas apelaron a la Justicia, y finalmente consiguieron que se les permitiera una marcha pac\u00edfica y breve, aunque solamente en las afueras de la ciudad.<\/p>\n<p>Los organizadores aceptaron las condiciones, y para que estas se cumplieran estrictamente, se apostaron 2500 agentes policiales que garantizar\u00edan el orden.<\/p>\n<p>El 24 de marzo de 2009, durante s\u00f3lo media hora, varios centenares de manifestantes portaron banderas israel\u00edes y entonaron canciones patri\u00f3ticas, ajust\u00e1ndose a las limitaciones acordadas con la polic\u00eda.<\/p>\n<p>En airada reacci\u00f3n, miles de \u00e1rabes y de activistas de la poco representativa ultra-izquierda israel\u00ed, subieron a los techos de las casas, desde donde arrojaron rocas a la distancia. La tormenta de pe\u00f1ascos dej\u00f3 heridos a quince polic\u00edas, incluido el vicecomandante de la Polic\u00eda de Israel, Shajar Ayal\u00f3n.<\/p>\n<p>Los medios no informaron de la agresi\u00f3n, y se limitaron a censurar \u00abla provocaci\u00f3n\u00bb de los manifestantes. Era totalmente perdonable que los pobladores actuaran con furia ante las banderas israel\u00edes, y en ning\u00fan momento se cuestion\u00f3 por qu\u00e9 manifestantes jud\u00edos tienen que ser blancos de pedradas a mansalva.<\/p>\n<p>El racista humanitario siente que a los \u00e1rabes no puede pedirse que acaten la ley, y debe alent\u00e1rselos a actuar en bloque, infantil y col\u00e9ricamente.<\/p>\n<p>La \u00fanica provocaci\u00f3n posible la perpetra el \u00absuperior\u00bb, el \u00fanico que tendr\u00eda criterio moral para juzgar la situaci\u00f3n y cumplir con la ley.<\/p>\n<p>A Europa le ocurre algo similar. Atina a demandar el cumplimiento irrestricto de la ley solamente del \u00abhombre blanco\u00bb. El resto debe ser siempre entendido en su conducta, aun si \u00e9sta es criminal, porque acaso no llega al mismo nivel de juicio moral.<\/p>\n<p>Autor: Gustavo D. Perednik.<\/p>\n","protected":false},"excerpt":{"rendered":"<p>El racismo menos percibido penetra por doquier Uno de los grandes avances morales de las \u00faltimas d\u00e9cadas es que el racismo se haya transformado en objeto de una condena generalizada. Sin embargo, pocos se detienen en el hecho oprobioso de que dicha desaprobaci\u00f3n se circunscribe a una sola forma del racismo, la que podr\u00eda denominarse &#8230; <a title=\"EL RACISMO HUMANITARIO (Escrito en septiembre 2010)\" class=\"read-more\" href=\"http:\/\/sefarad-asturias.org\/blog\/el-racismo-humanitario-escrito-en-septiembre-2010\/\" aria-label=\"Leer m\u00e1s sobre EL RACISMO HUMANITARIO (Escrito en septiembre 2010)\">Leer m\u00e1s<\/a><\/p>\n","protected":false},"author":2,"featured_media":0,"comment_status":"closed","ping_status":"closed","sticky":false,"template":"","format":"standard","meta":{"footnotes":""},"categories":[13],"tags":[],"class_list":["post-1176","post","type-post","status-publish","format-standard","hentry","category-filosofia-judia"],"_links":{"self":[{"href":"http:\/\/sefarad-asturias.org\/blog\/wp-json\/wp\/v2\/posts\/1176","targetHints":{"allow":["GET"]}}],"collection":[{"href":"http:\/\/sefarad-asturias.org\/blog\/wp-json\/wp\/v2\/posts"}],"about":[{"href":"http:\/\/sefarad-asturias.org\/blog\/wp-json\/wp\/v2\/types\/post"}],"author":[{"embeddable":true,"href":"http:\/\/sefarad-asturias.org\/blog\/wp-json\/wp\/v2\/users\/2"}],"replies":[{"embeddable":true,"href":"http:\/\/sefarad-asturias.org\/blog\/wp-json\/wp\/v2\/comments?post=1176"}],"version-history":[{"count":0,"href":"http:\/\/sefarad-asturias.org\/blog\/wp-json\/wp\/v2\/posts\/1176\/revisions"}],"wp:attachment":[{"href":"http:\/\/sefarad-asturias.org\/blog\/wp-json\/wp\/v2\/media?parent=1176"}],"wp:term":[{"taxonomy":"category","embeddable":true,"href":"http:\/\/sefarad-asturias.org\/blog\/wp-json\/wp\/v2\/categories?post=1176"},{"taxonomy":"post_tag","embeddable":true,"href":"http:\/\/sefarad-asturias.org\/blog\/wp-json\/wp\/v2\/tags?post=1176"}],"curies":[{"name":"wp","href":"https:\/\/api.w.org\/{rel}","templated":true}]}}