{"id":1172,"date":"2009-09-30T11:06:14","date_gmt":"2009-09-30T11:06:14","guid":{"rendered":"http:\/\/sefarad-asturias.org\/blog\/?p=1172"},"modified":"2020-08-07T11:10:41","modified_gmt":"2020-08-07T11:10:41","slug":"asesinando-la-memoria-de-los-asesinados-en-la-shoa","status":"publish","type":"post","link":"http:\/\/sefarad-asturias.org\/blog\/asesinando-la-memoria-de-los-asesinados-en-la-shoa\/","title":{"rendered":"ASESINANDO LA MEMORIA (de los asesinados en la Sho\u00e1)"},"content":{"rendered":"<p>Auschwitz-Birkenau, es el mayor cementerio existente en el mundo. All\u00ed bajo la tierra hay 1.500.000 personas que fueron asesinadas por los nazis. 90% fueron jud\u00edos. En el documental \u201cShoah\u201d de Claude Landzman premiado mundialmente, Franz Suchonel un supervisor de las SS en Treblinka se queja, porque \u201c<em>Treblinka s\u00f3lo procesaba de 12.000 a 15.000 jud\u00edos a diario, ten\u00edamos que pasar media noche dedicados a ello, a diferencia de Auschwitz, en Treblinka se los mataba, con gas de escape, Auschwitz era una f\u00e1brica de muerte, Treblinka una l\u00ednea primitiva<\/em>\u201d.<\/p>\n<p>Para los nazis el primer lugar en las matanzas lo ten\u00edan los ni\u00f1os, porque con ellos se exterminaba el futuro del pueblo jud\u00edo, y se suprim\u00edan los testigos posibles. Mataron un mill\u00f3n y medio de ni\u00f1os jud\u00edos. En el cementerio de Tarnov en Polonia puede leerse hoy una l\u00e1pida que dice \u201c<em>Yacen aqu\u00ed 800 peque\u00f1as cabezas destrozadas de ni\u00f1os jud\u00edos asesinados cruelmente el 11 de junio de 1942<\/em>\u201d. Casi enfrente de la ONU en New York est\u00e1 el monumento a Raul Wallenberg, y la historia de c\u00f3mo el joven diplom\u00e1tico sueco salv\u00f3 100.000 jud\u00edos h\u00fangaros de Auschwitz fabricando pasaportes falsos y arranc\u00e1ndolos de los trenes.<\/p>\n<p>Para el Presidente de Ir\u00e1n Ahmadinejad no hay nadie bajo Auschwitz, Suchonel no vio lo que vio, los ni\u00f1os de Tarnov no existieron, Raul Wallenberg es un invento. Termina de afirmar que el Holocausto \u201ces una mentira, basada en una demanda m\u00edtica e imposible de probar\u201d.<\/p>\n<p>Steinmeier, Ministro de Relaciones Exteriores de Alemania el pa\u00eds que perpetro el Holocausto le contesto: \u201dUsted es una desgracia para su pa\u00eds. Su antisemitismo militante demanda nuestra condenaci\u00f3n colectiva\u201d.<\/p>\n<p>El Embajador Noruego Tom Vraalsen Presidente del Task Force Internacional para la Educaci\u00f3n sobre el Holocausto declar\u00f3: \u201cestoy consternado y condeno la declaraci\u00f3n del presidente de Ir\u00e1n del 18 de setiembre de 2009 negando la realidad del Holocausto.<\/p>\n<p>Que nadie se confunda: la negaci\u00f3n del Holocausto no es meramente una forma extremista e infundada de revisionismo hist\u00f3rico, sino una forma de ret\u00f3rica de odio antisemita. Apunta no solo contra Israel o el sionismo sino tambi\u00e9n incita al odio contra los jud\u00edos en todas partes\u2026Expresiones como \u00e9sta de negaci\u00f3n del Holocausto diseminan malicia e ignorancia; alimentan la hoguera del antisemitismo\u201d<\/p>\n<p>Antes en su discurso para el mundo \u00e1rabe y musulm\u00e1n en el Cairo el Presidente Obama denunci\u00f3: \u201cLos jud\u00edos fueron reducidos a la esclavitud, torturados, balaceados, y asesinados. Seis millones de jud\u00edos fueron aniquilados. Negarlo es infundado, ignorante y odioso\u201d.<\/p>\n<p>Ahmadinejad ha asumido el liderazgo mundial de la ultraderecha xen\u00f3foba y racista. Es el h\u00e9roe de los racistas del Ku Kux Klan, de los grupos neonazis europeos, de los grup\u00fasculos neonazis latinoamericanos.<\/p>\n<p>Tiene algunos motivos para continuar su pr\u00e9dica. Los datos socioecon\u00f3micos iran\u00edes son muy desfavorables. A pesar de ser una de las mayores potencias petroleras del planeta, es en el \u00faltimo ranking de desarrollo humano de la ONU, el n\u00famero 94. Tiene un 18% de analfabetos, un 11.5% de desocupaci\u00f3n abierta, enormes brechas en salud p\u00fablica y, servicios b\u00e1sicos. La situaci\u00f3n no mejora, sino empeora. La discriminaci\u00f3n de g\u00e9nero es agud\u00edsima. Los hombres pueden divorciarse cuando quieren y se les asigna la custodia de los menores de 7 a\u00f1os. Pueden prohibir a sus esposas trabajar fuera del hogar. El testimonio de una mujer en la corte vale la mitad que el de un hombre. Sigue en el c\u00f3digo penal la pena de muerte a pedradas para las mujeres que cometan adulterio. La mujer que rehuse cubrir su pelo puede ser encarcelada y recibir 80 azotes.<\/p>\n<p>El descontento social pronunciado se expreso en las elecciones recientes, denunciadas como fraudulentas por los principales opositores, y en las permanentes y tan valientes marchas de protesta a pesar de la dur\u00edsima represi\u00f3n.<\/p>\n<p>Frente a la protesta, el r\u00e9gimen ha redoblado los encarcelamientos, las torturas, se lo acusa entre ellas de violaciones sistem\u00e1ticas de presos pol\u00edticos, y anuncia que se suprimir\u00e1 de las Universidades la ense\u00f1anza de las ciencias sociales, por considerarlas subversivas, porque promueven \u201clas dudas y la incertidumbre\u201d.<\/p>\n<p>En ese marco, la adjudicaci\u00f3n de las culpas a un \u201cenemigo externo\u201d, un chivo emisario, viejo truco de los sectores m\u00e1s reaccionarios del g\u00e9nero humano en la historia, es la opci\u00f3n que adopto Ahmadinejad. En lugar de dar soluciones, y democratizar, incita al antisemitismo delirante, niega el Holocausto que ha condenado todo el g\u00e9nero humano, que en la ONU cre\u00f3 un D\u00eda Internacional para su rememoraci\u00f3n, y clama por la destrucci\u00f3n del Estado de Israel que declaro \u201cno durar\u00e1 mucho. Su vida ha llegado al fin\u201d. El peri\u00f3dico Al-Watan de Kuwait critic\u00f3 la negaci\u00f3n del Holocausto de Ahmadinejad como un esfuerzo para \u201cdesviar la atenci\u00f3n\u201d de los tumultos dom\u00e9sticos en Ir\u00e1n.<\/p>\n<p>Hay preguntas inquietantes para plantearse; \u00bfc\u00f3mo este r\u00e9gimen, que asesin\u00f3 en la calle ante la vista del mundo a Neda Agha-Soltan de 16 a\u00f1os, que usa fuerzas de choque para eliminar a los estudiantes, dirigentes sindicales, intelectuales, opositores, que est\u00e1 \u201cpurgando\u201d las Universidades, \u00bfpuede tener la solidaridad de sectores que se autocalifican de progresistas? \u00bfC\u00f3mo el l\u00edder de la ultraderecha mundial en la negaci\u00f3n del Holocausto puede ser visto con simpat\u00eda por esos sectores? \u00bfC\u00f3mo qui\u00e9n design\u00f3 su Ministro de Defensa, a uno de los principales acusados por la justicia argentina, por la masacre de la AMIA (Asociaci\u00f3n Mutual Israelita Argentina), con pedido de captura de Interpol, puede ser una referencia de nadie que defienda causas avanzadas?<\/p>\n<p>En un mundo donde favorecidos por la crisis econ\u00f3mica han resurgido los racismos y las xenofobias, todos aquellos que creen en los derechos humanos, en la democracia, en la construcci\u00f3n de sociedades justas y en paz, deben alzar su voz para que Ahmadinejad y el r\u00e9gimen que representa no asesinen de nuevo a los 6 millones, suprimiendo su memoria.<\/p>\n<p>Autor: Bernardo Kliksberg, Safe Democracy Foundation.<\/p>\n","protected":false},"excerpt":{"rendered":"<p>Auschwitz-Birkenau, es el mayor cementerio existente en el mundo. All\u00ed bajo la tierra hay 1.500.000 personas que fueron asesinadas por los nazis. 90% fueron jud\u00edos. En el documental \u201cShoah\u201d de Claude Landzman premiado mundialmente, Franz Suchonel un supervisor de las SS en Treblinka se queja, porque \u201cTreblinka s\u00f3lo procesaba de 12.000 a 15.000 jud\u00edos a &#8230; <a title=\"ASESINANDO LA MEMORIA (de los asesinados en la Sho\u00e1)\" class=\"read-more\" href=\"http:\/\/sefarad-asturias.org\/blog\/asesinando-la-memoria-de-los-asesinados-en-la-shoa\/\" aria-label=\"Leer m\u00e1s sobre ASESINANDO LA MEMORIA (de los asesinados en la Sho\u00e1)\">Leer m\u00e1s<\/a><\/p>\n","protected":false},"author":2,"featured_media":0,"comment_status":"closed","ping_status":"closed","sticky":false,"template":"","format":"standard","meta":{"footnotes":""},"categories":[5],"tags":[],"class_list":["post-1172","post","type-post","status-publish","format-standard","hentry","category-antisemitismo"],"_links":{"self":[{"href":"http:\/\/sefarad-asturias.org\/blog\/wp-json\/wp\/v2\/posts\/1172","targetHints":{"allow":["GET"]}}],"collection":[{"href":"http:\/\/sefarad-asturias.org\/blog\/wp-json\/wp\/v2\/posts"}],"about":[{"href":"http:\/\/sefarad-asturias.org\/blog\/wp-json\/wp\/v2\/types\/post"}],"author":[{"embeddable":true,"href":"http:\/\/sefarad-asturias.org\/blog\/wp-json\/wp\/v2\/users\/2"}],"replies":[{"embeddable":true,"href":"http:\/\/sefarad-asturias.org\/blog\/wp-json\/wp\/v2\/comments?post=1172"}],"version-history":[{"count":0,"href":"http:\/\/sefarad-asturias.org\/blog\/wp-json\/wp\/v2\/posts\/1172\/revisions"}],"wp:attachment":[{"href":"http:\/\/sefarad-asturias.org\/blog\/wp-json\/wp\/v2\/media?parent=1172"}],"wp:term":[{"taxonomy":"category","embeddable":true,"href":"http:\/\/sefarad-asturias.org\/blog\/wp-json\/wp\/v2\/categories?post=1172"},{"taxonomy":"post_tag","embeddable":true,"href":"http:\/\/sefarad-asturias.org\/blog\/wp-json\/wp\/v2\/tags?post=1172"}],"curies":[{"name":"wp","href":"https:\/\/api.w.org\/{rel}","templated":true}]}}